{"id":821,"date":"2019-06-23T07:30:15","date_gmt":"2019-06-23T05:30:15","guid":{"rendered":"http:\/\/ipoweb.bruxelles.be\/emileandre\/?p=821"},"modified":"2019-06-23T07:30:16","modified_gmt":"2019-06-23T05:30:16","slug":"au-musee-des-enfants","status":"publish","type":"post","link":"https:\/\/ipoweb.bruxelles.be\/emileandre\/?p=821","title":{"rendered":"Au mus\u00e9e des enfants&#8230;"},"content":{"rendered":"\n<p>Ce jeudi 20 juin, les \u00e9l\u00e8ves des classes de p1\/p2 sont all\u00e9s au mus\u00e9e des enfants. Nous avons pass\u00e9 une chouette journ\u00e9e pleine de d\u00e9couvertes.&nbsp;<\/p>\n\n\n\n<ul class=\"wp-block-gallery columns-3 is-cropped wp-block-gallery-1 is-layout-flex wp-block-gallery-is-layout-flex\"><li class=\"blocks-gallery-item\"><figure><img decoding=\"async\" loading=\"lazy\" width=\"1024\" height=\"768\" src=\"http:\/\/ipoweb.bruxelles.be\/emileandre\/wp-content\/uploads\/2019\/06\/thumbnail_fbfd4753-89cd-4939-83f7-53e389010943-1024x768.jpg\" alt=\"\" data-id=\"820\" data-link=\"http:\/\/ipoweb.bruxelles.be\/emileandre\/?attachment_id=820\" class=\"wp-image-820\" srcset=\"https:\/\/ipoweb.bruxelles.be\/emileandre\/wp-content\/uploads\/2019\/06\/thumbnail_fbfd4753-89cd-4939-83f7-53e389010943-1024x768.jpg 1024w, https:\/\/ipoweb.bruxelles.be\/emileandre\/wp-content\/uploads\/2019\/06\/thumbnail_fbfd4753-89cd-4939-83f7-53e389010943-300x225.jpg 300w, https:\/\/ipoweb.bruxelles.be\/emileandre\/wp-content\/uploads\/2019\/06\/thumbnail_fbfd4753-89cd-4939-83f7-53e389010943-768x576.jpg 768w, https:\/\/ipoweb.bruxelles.be\/emileandre\/wp-content\/uploads\/2019\/06\/thumbnail_fbfd4753-89cd-4939-83f7-53e389010943.jpg 1280w\" sizes=\"(max-width: 1024px) 100vw, 1024px\" \/><\/figure><\/li><li class=\"blocks-gallery-item\"><figure><img decoding=\"async\" loading=\"lazy\" width=\"1024\" height=\"768\" src=\"http:\/\/ipoweb.bruxelles.be\/emileandre\/wp-content\/uploads\/2019\/06\/thumbnail_aee4231f-31ab-4c10-b176-2201c9b38130-1024x768.jpg\" alt=\"\" data-id=\"819\" data-link=\"http:\/\/ipoweb.bruxelles.be\/emileandre\/?attachment_id=819\" class=\"wp-image-819\" srcset=\"https:\/\/ipoweb.bruxelles.be\/emileandre\/wp-content\/uploads\/2019\/06\/thumbnail_aee4231f-31ab-4c10-b176-2201c9b38130-1024x768.jpg 1024w, https:\/\/ipoweb.bruxelles.be\/emileandre\/wp-content\/uploads\/2019\/06\/thumbnail_aee4231f-31ab-4c10-b176-2201c9b38130-300x225.jpg 300w, https:\/\/ipoweb.bruxelles.be\/emileandre\/wp-content\/uploads\/2019\/06\/thumbnail_aee4231f-31ab-4c10-b176-2201c9b38130-768x576.jpg 768w, https:\/\/ipoweb.bruxelles.be\/emileandre\/wp-content\/uploads\/2019\/06\/thumbnail_aee4231f-31ab-4c10-b176-2201c9b38130.jpg 1280w\" sizes=\"(max-width: 1024px) 100vw, 1024px\" \/><\/figure><\/li><li class=\"blocks-gallery-item\"><figure><img decoding=\"async\" loading=\"lazy\" width=\"768\" height=\"1024\" src=\"http:\/\/ipoweb.bruxelles.be\/emileandre\/wp-content\/uploads\/2019\/06\/thumbnail_681deab4-83f7-4b34-b58e-4bb59950b5a2-768x1024.jpg\" alt=\"\" data-id=\"818\" data-link=\"http:\/\/ipoweb.bruxelles.be\/emileandre\/?attachment_id=818\" class=\"wp-image-818\" srcset=\"https:\/\/ipoweb.bruxelles.be\/emileandre\/wp-content\/uploads\/2019\/06\/thumbnail_681deab4-83f7-4b34-b58e-4bb59950b5a2-768x1024.jpg 768w, https:\/\/ipoweb.bruxelles.be\/emileandre\/wp-content\/uploads\/2019\/06\/thumbnail_681deab4-83f7-4b34-b58e-4bb59950b5a2-225x300.jpg 225w, https:\/\/ipoweb.bruxelles.be\/emileandre\/wp-content\/uploads\/2019\/06\/thumbnail_681deab4-83f7-4b34-b58e-4bb59950b5a2.jpg 960w\" sizes=\"(max-width: 768px) 100vw, 768px\" \/><\/figure><\/li><li class=\"blocks-gallery-item\"><figure><img decoding=\"async\" loading=\"lazy\" width=\"1024\" height=\"768\" src=\"http:\/\/ipoweb.bruxelles.be\/emileandre\/wp-content\/uploads\/2019\/06\/thumbnail_4e301edd-6bfb-4ef2-a214-785c3c61ff1b-1024x768.jpg\" alt=\"\" data-id=\"817\" data-link=\"http:\/\/ipoweb.bruxelles.be\/emileandre\/?attachment_id=817\" class=\"wp-image-817\" srcset=\"https:\/\/ipoweb.bruxelles.be\/emileandre\/wp-content\/uploads\/2019\/06\/thumbnail_4e301edd-6bfb-4ef2-a214-785c3c61ff1b-1024x768.jpg 1024w, https:\/\/ipoweb.bruxelles.be\/emileandre\/wp-content\/uploads\/2019\/06\/thumbnail_4e301edd-6bfb-4ef2-a214-785c3c61ff1b-300x225.jpg 300w, https:\/\/ipoweb.bruxelles.be\/emileandre\/wp-content\/uploads\/2019\/06\/thumbnail_4e301edd-6bfb-4ef2-a214-785c3c61ff1b-768x576.jpg 768w, https:\/\/ipoweb.bruxelles.be\/emileandre\/wp-content\/uploads\/2019\/06\/thumbnail_4e301edd-6bfb-4ef2-a214-785c3c61ff1b.jpg 1280w\" sizes=\"(max-width: 1024px) 100vw, 1024px\" \/><\/figure><\/li><\/ul>\n","protected":false},"excerpt":{"rendered":"<p>Ce jeudi 20 juin, les \u00e9l\u00e8ves des classes de p1\/p2 sont all\u00e9s au mus\u00e9e des enfants. Nous avons pass\u00e9 une chouette journ\u00e9e pleine de d\u00e9couvertes.&nbsp;<\/p>\n","protected":false},"author":3,"featured_media":0,"comment_status":"closed","ping_status":"open","sticky":false,"template":"","format":"standard","meta":{"footnotes":""},"categories":[8],"tags":[],"_links":{"self":[{"href":"https:\/\/ipoweb.bruxelles.be\/emileandre\/index.php?rest_route=\/wp\/v2\/posts\/821"}],"collection":[{"href":"https:\/\/ipoweb.bruxelles.be\/emileandre\/index.php?rest_route=\/wp\/v2\/posts"}],"about":[{"href":"https:\/\/ipoweb.bruxelles.be\/emileandre\/index.php?rest_route=\/wp\/v2\/types\/post"}],"author":[{"embeddable":true,"href":"https:\/\/ipoweb.bruxelles.be\/emileandre\/index.php?rest_route=\/wp\/v2\/users\/3"}],"replies":[{"embeddable":true,"href":"https:\/\/ipoweb.bruxelles.be\/emileandre\/index.php?rest_route=%2Fwp%2Fv2%2Fcomments&post=821"}],"version-history":[{"count":2,"href":"https:\/\/ipoweb.bruxelles.be\/emileandre\/index.php?rest_route=\/wp\/v2\/posts\/821\/revisions"}],"predecessor-version":[{"id":823,"href":"https:\/\/ipoweb.bruxelles.be\/emileandre\/index.php?rest_route=\/wp\/v2\/posts\/821\/revisions\/823"}],"wp:attachment":[{"href":"https:\/\/ipoweb.bruxelles.be\/emileandre\/index.php?rest_route=%2Fwp%2Fv2%2Fmedia&parent=821"}],"wp:term":[{"taxonomy":"category","embeddable":true,"href":"https:\/\/ipoweb.bruxelles.be\/emileandre\/index.php?rest_route=%2Fwp%2Fv2%2Fcategories&post=821"},{"taxonomy":"post_tag","embeddable":true,"href":"https:\/\/ipoweb.bruxelles.be\/emileandre\/index.php?rest_route=%2Fwp%2Fv2%2Ftags&post=821"}],"curies":[{"name":"wp","href":"https:\/\/api.w.org\/{rel}","templated":true}]}}