{"id":839,"date":"2019-08-29T06:52:14","date_gmt":"2019-08-29T04:52:14","guid":{"rendered":"http:\/\/ipoweb.bruxelles.be\/emileandre\/?p=839"},"modified":"2019-08-29T08:32:06","modified_gmt":"2019-08-29T06:32:06","slug":"congres-freinet-a-angers","status":"publish","type":"post","link":"https:\/\/ipoweb.bruxelles.be\/emileandre\/?p=839","title":{"rendered":"Congr\u00e8s Freinet \u00e0 Angers"},"content":{"rendered":"\n<figure class=\"wp-block-image\"><img decoding=\"async\" loading=\"lazy\" width=\"1024\" height=\"576\" src=\"http:\/\/ipoweb.bruxelles.be\/emileandre\/wp-content\/uploads\/2019\/08\/IMG-20190825-WA0007-1024x576.jpg\" alt=\"\" class=\"wp-image-830\" srcset=\"https:\/\/ipoweb.bruxelles.be\/emileandre\/wp-content\/uploads\/2019\/08\/IMG-20190825-WA0007-1024x576.jpg 1024w, https:\/\/ipoweb.bruxelles.be\/emileandre\/wp-content\/uploads\/2019\/08\/IMG-20190825-WA0007-300x169.jpg 300w, https:\/\/ipoweb.bruxelles.be\/emileandre\/wp-content\/uploads\/2019\/08\/IMG-20190825-WA0007-768x432.jpg 768w, https:\/\/ipoweb.bruxelles.be\/emileandre\/wp-content\/uploads\/2019\/08\/IMG-20190825-WA0007.jpg 1919w\" sizes=\"(max-width: 1024px) 100vw, 1024px\" \/><\/figure>\n\n\n\n<p>Du 19 au 24 ao\u00fbt, nous \u00e9tions au congr\u00e8s Freinet \u00e0 Angers.<br>Une semaine intense de formation, de d\u00e9couvertes mais aussi un super moment en \u00e9quipe. <br>Nous voil\u00e0 reboost\u00e9.es pour commencer cette nouvelle ann\u00e9e scolaire 2019 2020 !<\/p>\n\n\n\n<figure class=\"wp-block-image\"><img decoding=\"async\" loading=\"lazy\" width=\"1024\" height=\"760\" src=\"http:\/\/ipoweb.bruxelles.be\/emileandre\/wp-content\/uploads\/2019\/08\/IMG-20190825-WA0000-1024x760.jpg\" alt=\"\" class=\"wp-image-838\" srcset=\"https:\/\/ipoweb.bruxelles.be\/emileandre\/wp-content\/uploads\/2019\/08\/IMG-20190825-WA0000.jpg 1024w, https:\/\/ipoweb.bruxelles.be\/emileandre\/wp-content\/uploads\/2019\/08\/IMG-20190825-WA0000-300x223.jpg 300w, https:\/\/ipoweb.bruxelles.be\/emileandre\/wp-content\/uploads\/2019\/08\/IMG-20190825-WA0000-768x570.jpg 768w\" sizes=\"(max-width: 1024px) 100vw, 1024px\" \/><\/figure>\n\n\n\n<ul class=\"wp-block-gallery columns-3 is-cropped wp-block-gallery-1 is-layout-flex wp-block-gallery-is-layout-flex\"><li class=\"blocks-gallery-item\"><figure><img decoding=\"async\" loading=\"lazy\" width=\"1024\" height=\"562\" src=\"http:\/\/ipoweb.bruxelles.be\/emileandre\/wp-content\/uploads\/2019\/08\/IMG-20190821-WA0005-1024x562.jpg\" alt=\"\" data-id=\"833\" data-link=\"http:\/\/ipoweb.bruxelles.be\/emileandre\/?attachment_id=833\" class=\"wp-image-833\" srcset=\"https:\/\/ipoweb.bruxelles.be\/emileandre\/wp-content\/uploads\/2019\/08\/IMG-20190821-WA0005-1024x562.jpg 1024w, https:\/\/ipoweb.bruxelles.be\/emileandre\/wp-content\/uploads\/2019\/08\/IMG-20190821-WA0005-300x165.jpg 300w, https:\/\/ipoweb.bruxelles.be\/emileandre\/wp-content\/uploads\/2019\/08\/IMG-20190821-WA0005-768x422.jpg 768w, https:\/\/ipoweb.bruxelles.be\/emileandre\/wp-content\/uploads\/2019\/08\/IMG-20190821-WA0005-1140x624.jpg 1140w, https:\/\/ipoweb.bruxelles.be\/emileandre\/wp-content\/uploads\/2019\/08\/IMG-20190821-WA0005.jpg 1440w\" sizes=\"(max-width: 1024px) 100vw, 1024px\" \/><\/figure><\/li><li class=\"blocks-gallery-item\"><figure><img decoding=\"async\" loading=\"lazy\" width=\"1024\" height=\"768\" src=\"http:\/\/ipoweb.bruxelles.be\/emileandre\/wp-content\/uploads\/2019\/08\/IMG-20190820-WA0001-1024x768.jpg\" alt=\"\" data-id=\"831\" data-link=\"http:\/\/ipoweb.bruxelles.be\/emileandre\/?attachment_id=831\" class=\"wp-image-831\" srcset=\"https:\/\/ipoweb.bruxelles.be\/emileandre\/wp-content\/uploads\/2019\/08\/IMG-20190820-WA0001-1024x768.jpg 1024w, https:\/\/ipoweb.bruxelles.be\/emileandre\/wp-content\/uploads\/2019\/08\/IMG-20190820-WA0001-300x225.jpg 300w, https:\/\/ipoweb.bruxelles.be\/emileandre\/wp-content\/uploads\/2019\/08\/IMG-20190820-WA0001-768x576.jpg 768w, https:\/\/ipoweb.bruxelles.be\/emileandre\/wp-content\/uploads\/2019\/08\/IMG-20190820-WA0001.jpg 1920w\" sizes=\"(max-width: 1024px) 100vw, 1024px\" \/><\/figure><\/li><li class=\"blocks-gallery-item\"><figure><img decoding=\"async\" loading=\"lazy\" width=\"1024\" height=\"768\" src=\"http:\/\/ipoweb.bruxelles.be\/emileandre\/wp-content\/uploads\/2019\/08\/IMG-20190824-WA0009-1024x768.jpg\" alt=\"\" data-id=\"837\" data-link=\"http:\/\/ipoweb.bruxelles.be\/emileandre\/?attachment_id=837\" class=\"wp-image-837\" srcset=\"https:\/\/ipoweb.bruxelles.be\/emileandre\/wp-content\/uploads\/2019\/08\/IMG-20190824-WA0009-1024x768.jpg 1024w, https:\/\/ipoweb.bruxelles.be\/emileandre\/wp-content\/uploads\/2019\/08\/IMG-20190824-WA0009-300x225.jpg 300w, https:\/\/ipoweb.bruxelles.be\/emileandre\/wp-content\/uploads\/2019\/08\/IMG-20190824-WA0009-768x576.jpg 768w, https:\/\/ipoweb.bruxelles.be\/emileandre\/wp-content\/uploads\/2019\/08\/IMG-20190824-WA0009.jpg 1919w\" sizes=\"(max-width: 1024px) 100vw, 1024px\" \/><\/figure><\/li><li class=\"blocks-gallery-item\"><figure><img decoding=\"async\" loading=\"lazy\" width=\"1024\" height=\"768\" src=\"http:\/\/ipoweb.bruxelles.be\/emileandre\/wp-content\/uploads\/2019\/08\/IMG-20190824-WA0008-1024x768.jpg\" alt=\"\" data-id=\"836\" data-link=\"http:\/\/ipoweb.bruxelles.be\/emileandre\/?attachment_id=836\" class=\"wp-image-836\" srcset=\"https:\/\/ipoweb.bruxelles.be\/emileandre\/wp-content\/uploads\/2019\/08\/IMG-20190824-WA0008-1024x768.jpg 1024w, https:\/\/ipoweb.bruxelles.be\/emileandre\/wp-content\/uploads\/2019\/08\/IMG-20190824-WA0008-300x225.jpg 300w, https:\/\/ipoweb.bruxelles.be\/emileandre\/wp-content\/uploads\/2019\/08\/IMG-20190824-WA0008-768x576.jpg 768w, https:\/\/ipoweb.bruxelles.be\/emileandre\/wp-content\/uploads\/2019\/08\/IMG-20190824-WA0008.jpg 1920w\" sizes=\"(max-width: 1024px) 100vw, 1024px\" \/><\/figure><\/li><li class=\"blocks-gallery-item\"><figure><img decoding=\"async\" loading=\"lazy\" width=\"1024\" height=\"1001\" src=\"http:\/\/ipoweb.bruxelles.be\/emileandre\/wp-content\/uploads\/2019\/08\/IMG-20190824-WA0002-1024x1001.jpg\" alt=\"\" data-id=\"835\" data-link=\"http:\/\/ipoweb.bruxelles.be\/emileandre\/?attachment_id=835\" class=\"wp-image-835\" srcset=\"https:\/\/ipoweb.bruxelles.be\/emileandre\/wp-content\/uploads\/2019\/08\/IMG-20190824-WA0002.jpg 1024w, https:\/\/ipoweb.bruxelles.be\/emileandre\/wp-content\/uploads\/2019\/08\/IMG-20190824-WA0002-300x293.jpg 300w, https:\/\/ipoweb.bruxelles.be\/emileandre\/wp-content\/uploads\/2019\/08\/IMG-20190824-WA0002-768x751.jpg 768w, https:\/\/ipoweb.bruxelles.be\/emileandre\/wp-content\/uploads\/2019\/08\/IMG-20190824-WA0002-60x60.jpg 60w\" sizes=\"(max-width: 1024px) 100vw, 1024px\" \/><\/figure><\/li><li class=\"blocks-gallery-item\"><figure><img decoding=\"async\" loading=\"lazy\" width=\"1024\" height=\"768\" src=\"http:\/\/ipoweb.bruxelles.be\/emileandre\/wp-content\/uploads\/2019\/08\/IMG-20190823-WA0001-1024x768.jpg\" alt=\"\" data-id=\"834\" data-link=\"http:\/\/ipoweb.bruxelles.be\/emileandre\/?attachment_id=834\" class=\"wp-image-834\" srcset=\"https:\/\/ipoweb.bruxelles.be\/emileandre\/wp-content\/uploads\/2019\/08\/IMG-20190823-WA0001-1024x768.jpg 1024w, https:\/\/ipoweb.bruxelles.be\/emileandre\/wp-content\/uploads\/2019\/08\/IMG-20190823-WA0001-300x225.jpg 300w, https:\/\/ipoweb.bruxelles.be\/emileandre\/wp-content\/uploads\/2019\/08\/IMG-20190823-WA0001-768x576.jpg 768w, https:\/\/ipoweb.bruxelles.be\/emileandre\/wp-content\/uploads\/2019\/08\/IMG-20190823-WA0001.jpg 1920w\" sizes=\"(max-width: 1024px) 100vw, 1024px\" \/><\/figure><\/li><\/ul>\n","protected":false},"excerpt":{"rendered":"<p>Du 19 au 24 ao\u00fbt, nous \u00e9tions au congr\u00e8s Freinet \u00e0 Angers.Une semaine intense de formation, de d\u00e9couvertes mais aussi un super moment en \u00e9quipe. Nous voil\u00e0 reboost\u00e9.es pour commencer cette nouvelle ann\u00e9e scolaire 2019 2020 !<\/p>\n","protected":false},"author":2,"featured_media":0,"comment_status":"closed","ping_status":"open","sticky":false,"template":"","format":"standard","meta":{"footnotes":""},"categories":[13],"tags":[],"_links":{"self":[{"href":"https:\/\/ipoweb.bruxelles.be\/emileandre\/index.php?rest_route=\/wp\/v2\/posts\/839"}],"collection":[{"href":"https:\/\/ipoweb.bruxelles.be\/emileandre\/index.php?rest_route=\/wp\/v2\/posts"}],"about":[{"href":"https:\/\/ipoweb.bruxelles.be\/emileandre\/index.php?rest_route=\/wp\/v2\/types\/post"}],"author":[{"embeddable":true,"href":"https:\/\/ipoweb.bruxelles.be\/emileandre\/index.php?rest_route=\/wp\/v2\/users\/2"}],"replies":[{"embeddable":true,"href":"https:\/\/ipoweb.bruxelles.be\/emileandre\/index.php?rest_route=%2Fwp%2Fv2%2Fcomments&post=839"}],"version-history":[{"count":2,"href":"https:\/\/ipoweb.bruxelles.be\/emileandre\/index.php?rest_route=\/wp\/v2\/posts\/839\/revisions"}],"predecessor-version":[{"id":875,"href":"https:\/\/ipoweb.bruxelles.be\/emileandre\/index.php?rest_route=\/wp\/v2\/posts\/839\/revisions\/875"}],"wp:attachment":[{"href":"https:\/\/ipoweb.bruxelles.be\/emileandre\/index.php?rest_route=%2Fwp%2Fv2%2Fmedia&parent=839"}],"wp:term":[{"taxonomy":"category","embeddable":true,"href":"https:\/\/ipoweb.bruxelles.be\/emileandre\/index.php?rest_route=%2Fwp%2Fv2%2Fcategories&post=839"},{"taxonomy":"post_tag","embeddable":true,"href":"https:\/\/ipoweb.bruxelles.be\/emileandre\/index.php?rest_route=%2Fwp%2Fv2%2Ftags&post=839"}],"curies":[{"name":"wp","href":"https:\/\/api.w.org\/{rel}","templated":true}]}}