{"id":923,"date":"2019-09-04T21:18:04","date_gmt":"2019-09-04T19:18:04","guid":{"rendered":"http:\/\/ipoweb.bruxelles.be\/emileandre\/?p=923"},"modified":"2019-09-04T21:30:11","modified_gmt":"2019-09-04T19:30:11","slug":"notre-petit-magasin-de-fruits","status":"publish","type":"post","link":"https:\/\/ipoweb.bruxelles.be\/emileandre\/?p=923","title":{"rendered":"Notre petit magasin de fruits"},"content":{"rendered":"\n<h4 class=\"wp-block-heading\">Cette ann\u00e9e, les \u00e9l\u00e8ves de P1 P2 ont d\u00e9cid\u00e9 de g\u00e9rer le magasin de fruits.<br>Ce sont les \u00e9l\u00e8ves d&rsquo;Isabelle qui ont commenc\u00e9. <br>Ils sont all\u00e9s choisir et acheter les fruits au march\u00e9 bio.<\/h4>\n\n\n\n<ul class=\"wp-block-gallery columns-2 is-cropped wp-block-gallery-1 is-layout-flex wp-block-gallery-is-layout-flex\"><li class=\"blocks-gallery-item\"><figure><img decoding=\"async\" loading=\"lazy\" width=\"768\" height=\"1024\" src=\"http:\/\/ipoweb.bruxelles.be\/emileandre\/wp-content\/uploads\/2019\/09\/IMG_0220-e1567624817825-768x1024.jpg\" alt=\"\" data-id=\"928\" data-link=\"http:\/\/ipoweb.bruxelles.be\/emileandre\/?attachment_id=928\" class=\"wp-image-928\" srcset=\"https:\/\/ipoweb.bruxelles.be\/emileandre\/wp-content\/uploads\/2019\/09\/IMG_0220-e1567624817825-768x1024.jpg 768w, https:\/\/ipoweb.bruxelles.be\/emileandre\/wp-content\/uploads\/2019\/09\/IMG_0220-e1567624817825-225x300.jpg 225w\" sizes=\"(max-width: 768px) 100vw, 768px\" \/><\/figure><\/li><li class=\"blocks-gallery-item\"><figure><img decoding=\"async\" loading=\"lazy\" width=\"768\" height=\"1024\" src=\"http:\/\/ipoweb.bruxelles.be\/emileandre\/wp-content\/uploads\/2019\/09\/IMG_0219-e1567624786775-768x1024.jpg\" alt=\"\" data-id=\"927\" data-link=\"http:\/\/ipoweb.bruxelles.be\/emileandre\/?attachment_id=927\" class=\"wp-image-927\" srcset=\"https:\/\/ipoweb.bruxelles.be\/emileandre\/wp-content\/uploads\/2019\/09\/IMG_0219-e1567624786775-768x1024.jpg 768w, https:\/\/ipoweb.bruxelles.be\/emileandre\/wp-content\/uploads\/2019\/09\/IMG_0219-e1567624786775-225x300.jpg 225w\" sizes=\"(max-width: 768px) 100vw, 768px\" \/><\/figure><\/li><\/ul>\n\n\n\n<h3 class=\"wp-block-heading\"><br>Voici le tableau de nos achats<\/h3>\n\n\n\n<figure class=\"wp-block-image\"><img decoding=\"async\" loading=\"lazy\" width=\"768\" height=\"1024\" src=\"http:\/\/ipoweb.bruxelles.be\/emileandre\/wp-content\/uploads\/2019\/09\/IMG_0906-e1567624839977-768x1024.jpg\" alt=\"\" class=\"wp-image-929\" srcset=\"https:\/\/ipoweb.bruxelles.be\/emileandre\/wp-content\/uploads\/2019\/09\/IMG_0906-e1567624839977-768x1024.jpg 768w, https:\/\/ipoweb.bruxelles.be\/emileandre\/wp-content\/uploads\/2019\/09\/IMG_0906-e1567624839977-225x300.jpg 225w\" sizes=\"(max-width: 768px) 100vw, 768px\" \/><\/figure>\n\n\n\n<h4 class=\"wp-block-heading\">Le magasin sera ouvert pour tous les \u00e9l\u00e8ves de P1 et P2 dans le couloir avant la r\u00e9cr\u00e9ation.<\/h4>\n","protected":false},"excerpt":{"rendered":"<p>Cette ann\u00e9e, les \u00e9l\u00e8ves de P1 P2 ont d\u00e9cid\u00e9 de g\u00e9rer le magasin de fruits.Ce sont les \u00e9l\u00e8ves d&rsquo;Isabelle qui ont commenc\u00e9. Ils sont all\u00e9s choisir et acheter les fruits au march\u00e9 bio. Voici le tableau de nos achats Le magasin sera ouvert pour tous les \u00e9l\u00e8ves de P1 et P2 dans le couloir avant [&hellip;]<\/p>\n","protected":false},"author":2,"featured_media":0,"comment_status":"closed","ping_status":"open","sticky":false,"template":"","format":"standard","meta":{"footnotes":""},"categories":[13,1,8],"tags":[],"_links":{"self":[{"href":"https:\/\/ipoweb.bruxelles.be\/emileandre\/index.php?rest_route=\/wp\/v2\/posts\/923"}],"collection":[{"href":"https:\/\/ipoweb.bruxelles.be\/emileandre\/index.php?rest_route=\/wp\/v2\/posts"}],"about":[{"href":"https:\/\/ipoweb.bruxelles.be\/emileandre\/index.php?rest_route=\/wp\/v2\/types\/post"}],"author":[{"embeddable":true,"href":"https:\/\/ipoweb.bruxelles.be\/emileandre\/index.php?rest_route=\/wp\/v2\/users\/2"}],"replies":[{"embeddable":true,"href":"https:\/\/ipoweb.bruxelles.be\/emileandre\/index.php?rest_route=%2Fwp%2Fv2%2Fcomments&post=923"}],"version-history":[{"count":3,"href":"https:\/\/ipoweb.bruxelles.be\/emileandre\/index.php?rest_route=\/wp\/v2\/posts\/923\/revisions"}],"predecessor-version":[{"id":931,"href":"https:\/\/ipoweb.bruxelles.be\/emileandre\/index.php?rest_route=\/wp\/v2\/posts\/923\/revisions\/931"}],"wp:attachment":[{"href":"https:\/\/ipoweb.bruxelles.be\/emileandre\/index.php?rest_route=%2Fwp%2Fv2%2Fmedia&parent=923"}],"wp:term":[{"taxonomy":"category","embeddable":true,"href":"https:\/\/ipoweb.bruxelles.be\/emileandre\/index.php?rest_route=%2Fwp%2Fv2%2Fcategories&post=923"},{"taxonomy":"post_tag","embeddable":true,"href":"https:\/\/ipoweb.bruxelles.be\/emileandre\/index.php?rest_route=%2Fwp%2Fv2%2Ftags&post=923"}],"curies":[{"name":"wp","href":"https:\/\/api.w.org\/{rel}","templated":true}]}}