{"id":941,"date":"2019-09-11T20:55:33","date_gmt":"2019-09-11T18:55:33","guid":{"rendered":"http:\/\/ipoweb.bruxelles.be\/emileandre\/?p=941"},"modified":"2019-09-11T20:56:30","modified_gmt":"2019-09-11T18:56:30","slug":"a-velo-a-lecole","status":"publish","type":"post","link":"https:\/\/ipoweb.bruxelles.be\/emileandre\/?p=941","title":{"rendered":"A v\u00e9lo \u00e0 l&rsquo;\u00e9cole"},"content":{"rendered":"\n<h4 class=\"wp-block-heading\">Une ann\u00e9e qui repart sur les chapeaux de roues, \u2026..<br>de v\u00e9los, bien s\u00fbr et pas que pour les \u00e9l\u00e8ves !<\/h4>\n\n\n\n<h4 class=\"wp-block-heading\">Tr\u00e8s bient\u00f4t des nouvelles de nos projets pour l&rsquo;environnement \u2026.<\/h4>\n\n\n\n<figure class=\"wp-block-image\"><img decoding=\"async\" loading=\"lazy\" width=\"1024\" height=\"768\" src=\"http:\/\/ipoweb.bruxelles.be\/emileandre\/wp-content\/uploads\/2019\/09\/v\u00e9los-1024x768.png\" alt=\"\" class=\"wp-image-940\" srcset=\"https:\/\/ipoweb.bruxelles.be\/emileandre\/wp-content\/uploads\/2019\/09\/v\u00e9los-1024x768.png 1024w, https:\/\/ipoweb.bruxelles.be\/emileandre\/wp-content\/uploads\/2019\/09\/v\u00e9los-300x225.png 300w, https:\/\/ipoweb.bruxelles.be\/emileandre\/wp-content\/uploads\/2019\/09\/v\u00e9los-768x576.png 768w, https:\/\/ipoweb.bruxelles.be\/emileandre\/wp-content\/uploads\/2019\/09\/v\u00e9los.png 1280w\" sizes=\"(max-width: 1024px) 100vw, 1024px\" \/><\/figure>\n\n\n\n<p><br><\/p>\n","protected":false},"excerpt":{"rendered":"<p>Une ann\u00e9e qui repart sur les chapeaux de roues, \u2026..de v\u00e9los, bien s\u00fbr et pas que pour les \u00e9l\u00e8ves ! Tr\u00e8s bient\u00f4t des nouvelles de nos projets pour l&rsquo;environnement \u2026.<\/p>\n","protected":false},"author":2,"featured_media":0,"comment_status":"closed","ping_status":"open","sticky":false,"template":"","format":"standard","meta":{"footnotes":""},"categories":[13],"tags":[],"_links":{"self":[{"href":"https:\/\/ipoweb.bruxelles.be\/emileandre\/index.php?rest_route=\/wp\/v2\/posts\/941"}],"collection":[{"href":"https:\/\/ipoweb.bruxelles.be\/emileandre\/index.php?rest_route=\/wp\/v2\/posts"}],"about":[{"href":"https:\/\/ipoweb.bruxelles.be\/emileandre\/index.php?rest_route=\/wp\/v2\/types\/post"}],"author":[{"embeddable":true,"href":"https:\/\/ipoweb.bruxelles.be\/emileandre\/index.php?rest_route=\/wp\/v2\/users\/2"}],"replies":[{"embeddable":true,"href":"https:\/\/ipoweb.bruxelles.be\/emileandre\/index.php?rest_route=%2Fwp%2Fv2%2Fcomments&post=941"}],"version-history":[{"count":1,"href":"https:\/\/ipoweb.bruxelles.be\/emileandre\/index.php?rest_route=\/wp\/v2\/posts\/941\/revisions"}],"predecessor-version":[{"id":942,"href":"https:\/\/ipoweb.bruxelles.be\/emileandre\/index.php?rest_route=\/wp\/v2\/posts\/941\/revisions\/942"}],"wp:attachment":[{"href":"https:\/\/ipoweb.bruxelles.be\/emileandre\/index.php?rest_route=%2Fwp%2Fv2%2Fmedia&parent=941"}],"wp:term":[{"taxonomy":"category","embeddable":true,"href":"https:\/\/ipoweb.bruxelles.be\/emileandre\/index.php?rest_route=%2Fwp%2Fv2%2Fcategories&post=941"},{"taxonomy":"post_tag","embeddable":true,"href":"https:\/\/ipoweb.bruxelles.be\/emileandre\/index.php?rest_route=%2Fwp%2Fv2%2Ftags&post=941"}],"curies":[{"name":"wp","href":"https:\/\/api.w.org\/{rel}","templated":true}]}}