{"id":950,"date":"2019-09-14T19:07:05","date_gmt":"2019-09-14T17:07:05","guid":{"rendered":"http:\/\/ipoweb.bruxelles.be\/emileandre\/?p=950"},"modified":"2019-09-14T19:12:47","modified_gmt":"2019-09-14T17:12:47","slug":"lemile-a-rouvert-ses-portes","status":"publish","type":"post","link":"https:\/\/ipoweb.bruxelles.be\/emileandre\/?p=950","title":{"rendered":"L&rsquo;Emile a rouvert ses portes"},"content":{"rendered":"\n<p>Les 3\u00e8mes ann\u00e9e sont all\u00e9s dans un march\u00e9 bio bien connu du quartier pour choisir des collations saines pour l\u2019\u00e9cole.&nbsp; <\/p>\n\n\n\n<figure class=\"wp-block-image\"><img decoding=\"async\" loading=\"lazy\" width=\"1024\" height=\"768\" src=\"http:\/\/ipoweb.bruxelles.be\/emileandre\/wp-content\/uploads\/2019\/09\/Mag5-1024x768.png\" alt=\"\" class=\"wp-image-946\" srcset=\"https:\/\/ipoweb.bruxelles.be\/emileandre\/wp-content\/uploads\/2019\/09\/Mag5-1024x768.png 1024w, https:\/\/ipoweb.bruxelles.be\/emileandre\/wp-content\/uploads\/2019\/09\/Mag5-300x225.png 300w, https:\/\/ipoweb.bruxelles.be\/emileandre\/wp-content\/uploads\/2019\/09\/Mag5-768x576.png 768w, https:\/\/ipoweb.bruxelles.be\/emileandre\/wp-content\/uploads\/2019\/09\/Mag5.png 1280w\" sizes=\"(max-width: 1024px) 100vw, 1024px\" \/><figcaption>N&rsquo;oublions pas les fruits secs<br><\/figcaption><\/figure>\n\n\n\n<ul class=\"wp-block-gallery columns-2 is-cropped wp-block-gallery-1 is-layout-flex wp-block-gallery-is-layout-flex\"><li class=\"blocks-gallery-item\"><figure><img decoding=\"async\" loading=\"lazy\" width=\"1024\" height=\"768\" src=\"http:\/\/ipoweb.bruxelles.be\/emileandre\/wp-content\/uploads\/2019\/09\/Mag2-1024x768.png\" alt=\"\" data-id=\"944\" data-link=\"http:\/\/ipoweb.bruxelles.be\/emileandre\/?attachment_id=944\" class=\"wp-image-944\" srcset=\"https:\/\/ipoweb.bruxelles.be\/emileandre\/wp-content\/uploads\/2019\/09\/Mag2-1024x768.png 1024w, https:\/\/ipoweb.bruxelles.be\/emileandre\/wp-content\/uploads\/2019\/09\/Mag2-300x225.png 300w, https:\/\/ipoweb.bruxelles.be\/emileandre\/wp-content\/uploads\/2019\/09\/Mag2-768x576.png 768w, https:\/\/ipoweb.bruxelles.be\/emileandre\/wp-content\/uploads\/2019\/09\/Mag2.png 1280w\" sizes=\"(max-width: 1024px) 100vw, 1024px\" \/><\/figure><\/li><li class=\"blocks-gallery-item\"><figure><img decoding=\"async\" loading=\"lazy\" width=\"768\" height=\"1024\" src=\"http:\/\/ipoweb.bruxelles.be\/emileandre\/wp-content\/uploads\/2019\/09\/Mag1-768x1024.png\" alt=\"\" data-id=\"943\" data-link=\"http:\/\/ipoweb.bruxelles.be\/emileandre\/?attachment_id=943\" class=\"wp-image-943\" srcset=\"https:\/\/ipoweb.bruxelles.be\/emileandre\/wp-content\/uploads\/2019\/09\/Mag1-768x1024.png 768w, https:\/\/ipoweb.bruxelles.be\/emileandre\/wp-content\/uploads\/2019\/09\/Mag1-225x300.png 225w, https:\/\/ipoweb.bruxelles.be\/emileandre\/wp-content\/uploads\/2019\/09\/Mag1.png 960w\" sizes=\"(max-width: 768px) 100vw, 768px\" \/><\/figure><\/li><\/ul>\n\n\n\n<figure class=\"wp-block-image\"><img decoding=\"async\" loading=\"lazy\" width=\"768\" height=\"1024\" src=\"http:\/\/ipoweb.bruxelles.be\/emileandre\/wp-content\/uploads\/2019\/09\/Mag6-768x1024.png\" alt=\"\" class=\"wp-image-947\" srcset=\"https:\/\/ipoweb.bruxelles.be\/emileandre\/wp-content\/uploads\/2019\/09\/Mag6-768x1024.png 768w, https:\/\/ipoweb.bruxelles.be\/emileandre\/wp-content\/uploads\/2019\/09\/Mag6-225x300.png 225w, https:\/\/ipoweb.bruxelles.be\/emileandre\/wp-content\/uploads\/2019\/09\/Mag6.png 960w\" sizes=\"(max-width: 768px) 100vw, 768px\" \/><figcaption>1 kg !<\/figcaption><\/figure>\n\n\n\n<h4 class=\"wp-block-heading\"><\/h4>\n\n\n\n<p>Toute la semaine, \u00e0 tour de r\u00f4le, ils tenaient le petit magasin o\u00f9 chaque collation co\u00fbte &nbsp;0,30\u20ac.&nbsp;Que de calculs pour vendre tout au prix coutant : 4 tomates cerises, 3 radis, un quart de gobelet de bananes s\u00e9ch\u00e9es, .. <\/p>\n\n\n\n<figure class=\"wp-block-image\"><img decoding=\"async\" loading=\"lazy\" width=\"1024\" height=\"768\" src=\"http:\/\/ipoweb.bruxelles.be\/emileandre\/wp-content\/uploads\/2019\/09\/Mag7-1024x768.png\" alt=\"\" class=\"wp-image-948\" srcset=\"https:\/\/ipoweb.bruxelles.be\/emileandre\/wp-content\/uploads\/2019\/09\/Mag7-1024x768.png 1024w, https:\/\/ipoweb.bruxelles.be\/emileandre\/wp-content\/uploads\/2019\/09\/Mag7-300x225.png 300w, https:\/\/ipoweb.bruxelles.be\/emileandre\/wp-content\/uploads\/2019\/09\/Mag7-768x576.png 768w, https:\/\/ipoweb.bruxelles.be\/emileandre\/wp-content\/uploads\/2019\/09\/Mag7.png 1280w\" sizes=\"(max-width: 1024px) 100vw, 1024px\" \/><figcaption>Le magasin c\u00f4t\u00e9 clients<\/figcaption><\/figure>\n\n\n\n<figure class=\"wp-block-image\"><img decoding=\"async\" loading=\"lazy\" width=\"1024\" height=\"768\" src=\"http:\/\/ipoweb.bruxelles.be\/emileandre\/wp-content\/uploads\/2019\/09\/Mag8-1024x768.png\" alt=\"\" class=\"wp-image-949\" srcset=\"https:\/\/ipoweb.bruxelles.be\/emileandre\/wp-content\/uploads\/2019\/09\/Mag8-1024x768.png 1024w, https:\/\/ipoweb.bruxelles.be\/emileandre\/wp-content\/uploads\/2019\/09\/Mag8-300x225.png 300w, https:\/\/ipoweb.bruxelles.be\/emileandre\/wp-content\/uploads\/2019\/09\/Mag8-768x576.png 768w, https:\/\/ipoweb.bruxelles.be\/emileandre\/wp-content\/uploads\/2019\/09\/Mag8.png 1280w\" sizes=\"(max-width: 1024px) 100vw, 1024px\" \/><figcaption>Le magasin c\u00f4t\u00e9 vendeurs<\/figcaption><\/figure>\n\n\n\n<p>La semaine prochaine, ce sont les 6\u00e8mes qui s\u2019en chargent !<\/p>\n\n\n\n<p><\/p>\n","protected":false},"excerpt":{"rendered":"<p>Les 3\u00e8mes ann\u00e9e sont all\u00e9s dans un march\u00e9 bio bien connu du quartier pour choisir des collations saines pour l\u2019\u00e9cole.&nbsp; Toute la semaine, \u00e0 tour de r\u00f4le, ils tenaient le petit magasin o\u00f9 chaque collation co\u00fbte &nbsp;0,30\u20ac.&nbsp;Que de calculs pour vendre tout au prix coutant : 4 tomates cerises, 3 radis, un quart de gobelet [&hellip;]<\/p>\n","protected":false},"author":2,"featured_media":0,"comment_status":"closed","ping_status":"open","sticky":false,"template":"","format":"standard","meta":{"footnotes":""},"categories":[13,9],"tags":[],"_links":{"self":[{"href":"https:\/\/ipoweb.bruxelles.be\/emileandre\/index.php?rest_route=\/wp\/v2\/posts\/950"}],"collection":[{"href":"https:\/\/ipoweb.bruxelles.be\/emileandre\/index.php?rest_route=\/wp\/v2\/posts"}],"about":[{"href":"https:\/\/ipoweb.bruxelles.be\/emileandre\/index.php?rest_route=\/wp\/v2\/types\/post"}],"author":[{"embeddable":true,"href":"https:\/\/ipoweb.bruxelles.be\/emileandre\/index.php?rest_route=\/wp\/v2\/users\/2"}],"replies":[{"embeddable":true,"href":"https:\/\/ipoweb.bruxelles.be\/emileandre\/index.php?rest_route=%2Fwp%2Fv2%2Fcomments&post=950"}],"version-history":[{"count":3,"href":"https:\/\/ipoweb.bruxelles.be\/emileandre\/index.php?rest_route=\/wp\/v2\/posts\/950\/revisions"}],"predecessor-version":[{"id":953,"href":"https:\/\/ipoweb.bruxelles.be\/emileandre\/index.php?rest_route=\/wp\/v2\/posts\/950\/revisions\/953"}],"wp:attachment":[{"href":"https:\/\/ipoweb.bruxelles.be\/emileandre\/index.php?rest_route=%2Fwp%2Fv2%2Fmedia&parent=950"}],"wp:term":[{"taxonomy":"category","embeddable":true,"href":"https:\/\/ipoweb.bruxelles.be\/emileandre\/index.php?rest_route=%2Fwp%2Fv2%2Fcategories&post=950"},{"taxonomy":"post_tag","embeddable":true,"href":"https:\/\/ipoweb.bruxelles.be\/emileandre\/index.php?rest_route=%2Fwp%2Fv2%2Ftags&post=950"}],"curies":[{"name":"wp","href":"https:\/\/api.w.org\/{rel}","templated":true}]}}