{"id":962,"date":"2019-09-16T18:09:49","date_gmt":"2019-09-16T16:09:49","guid":{"rendered":"http:\/\/ipoweb.bruxelles.be\/emileandre\/?p=962"},"modified":"2019-09-16T18:09:50","modified_gmt":"2019-09-16T16:09:50","slug":"les-p6-a-la-decouverte-du-patrimoine","status":"publish","type":"post","link":"https:\/\/ipoweb.bruxelles.be\/emileandre\/?p=962","title":{"rendered":"Les P6 \u00e0 la d\u00e9couverte du patrimoine"},"content":{"rendered":"\n<p>Ce lundi 16 septembre, nous sommes all\u00e9s \u00e0 la d\u00e9couverte de l&rsquo;art mural. Un beau moment de d\u00e9couvertes ponctu\u00e9 par la r\u00e9alisation de trois \u0153uvres.<\/p>\n\n\n\n<ul class=\"wp-block-gallery columns-3 is-cropped wp-block-gallery-1 is-layout-flex wp-block-gallery-is-layout-flex\"><li class=\"blocks-gallery-item\"><figure><img decoding=\"async\" loading=\"lazy\" width=\"1024\" height=\"472\" src=\"http:\/\/ipoweb.bruxelles.be\/emileandre\/wp-content\/uploads\/2019\/09\/thumbnail_20190916_112218-1024x472.jpg\" alt=\"\" data-id=\"964\" data-link=\"http:\/\/ipoweb.bruxelles.be\/emileandre\/?attachment_id=964\" class=\"wp-image-964\" srcset=\"https:\/\/ipoweb.bruxelles.be\/emileandre\/wp-content\/uploads\/2019\/09\/thumbnail_20190916_112218-1024x472.jpg 1024w, https:\/\/ipoweb.bruxelles.be\/emileandre\/wp-content\/uploads\/2019\/09\/thumbnail_20190916_112218-300x138.jpg 300w, https:\/\/ipoweb.bruxelles.be\/emileandre\/wp-content\/uploads\/2019\/09\/thumbnail_20190916_112218-768x354.jpg 768w, https:\/\/ipoweb.bruxelles.be\/emileandre\/wp-content\/uploads\/2019\/09\/thumbnail_20190916_112218.jpg 1280w\" sizes=\"(max-width: 1024px) 100vw, 1024px\" \/><\/figure><\/li><li class=\"blocks-gallery-item\"><figure><img decoding=\"async\" loading=\"lazy\" width=\"1024\" height=\"472\" src=\"http:\/\/ipoweb.bruxelles.be\/emileandre\/wp-content\/uploads\/2019\/09\/thumbnail_20190916_112136-1024x472.jpg\" alt=\"\" data-id=\"963\" data-link=\"http:\/\/ipoweb.bruxelles.be\/emileandre\/?attachment_id=963\" class=\"wp-image-963\" srcset=\"https:\/\/ipoweb.bruxelles.be\/emileandre\/wp-content\/uploads\/2019\/09\/thumbnail_20190916_112136-1024x472.jpg 1024w, https:\/\/ipoweb.bruxelles.be\/emileandre\/wp-content\/uploads\/2019\/09\/thumbnail_20190916_112136-300x138.jpg 300w, https:\/\/ipoweb.bruxelles.be\/emileandre\/wp-content\/uploads\/2019\/09\/thumbnail_20190916_112136-768x354.jpg 768w, https:\/\/ipoweb.bruxelles.be\/emileandre\/wp-content\/uploads\/2019\/09\/thumbnail_20190916_112136.jpg 1280w\" sizes=\"(max-width: 1024px) 100vw, 1024px\" \/><\/figure><\/li><li class=\"blocks-gallery-item\"><figure><img decoding=\"async\" loading=\"lazy\" width=\"472\" height=\"1024\" src=\"http:\/\/ipoweb.bruxelles.be\/emileandre\/wp-content\/uploads\/2019\/09\/20190916_114706-e1568647659825-472x1024.jpg\" alt=\"\" data-id=\"961\" data-link=\"http:\/\/ipoweb.bruxelles.be\/emileandre\/?attachment_id=961\" class=\"wp-image-961\" srcset=\"https:\/\/ipoweb.bruxelles.be\/emileandre\/wp-content\/uploads\/2019\/09\/20190916_114706-e1568647659825-472x1024.jpg 472w, https:\/\/ipoweb.bruxelles.be\/emileandre\/wp-content\/uploads\/2019\/09\/20190916_114706-e1568647659825-138x300.jpg 138w, https:\/\/ipoweb.bruxelles.be\/emileandre\/wp-content\/uploads\/2019\/09\/20190916_114706-e1568647659825-768x1665.jpg 768w, https:\/\/ipoweb.bruxelles.be\/emileandre\/wp-content\/uploads\/2019\/09\/20190916_114706-e1568647659825.jpg 1188w\" sizes=\"(max-width: 472px) 100vw, 472px\" \/><\/figure><\/li><li class=\"blocks-gallery-item\"><figure><img decoding=\"async\" loading=\"lazy\" width=\"1024\" height=\"472\" src=\"http:\/\/ipoweb.bruxelles.be\/emileandre\/wp-content\/uploads\/2019\/09\/20190916_111214-1024x472.jpg\" alt=\"\" data-id=\"957\" data-link=\"http:\/\/ipoweb.bruxelles.be\/emileandre\/?attachment_id=957\" class=\"wp-image-957\" srcset=\"https:\/\/ipoweb.bruxelles.be\/emileandre\/wp-content\/uploads\/2019\/09\/20190916_111214-1024x472.jpg 1024w, https:\/\/ipoweb.bruxelles.be\/emileandre\/wp-content\/uploads\/2019\/09\/20190916_111214-300x138.jpg 300w, https:\/\/ipoweb.bruxelles.be\/emileandre\/wp-content\/uploads\/2019\/09\/20190916_111214-768x354.jpg 768w\" sizes=\"(max-width: 1024px) 100vw, 1024px\" \/><\/figure><\/li><li class=\"blocks-gallery-item\"><figure><img decoding=\"async\" loading=\"lazy\" width=\"472\" height=\"1024\" src=\"http:\/\/ipoweb.bruxelles.be\/emileandre\/wp-content\/uploads\/2019\/09\/20190916_111205-e1568647635138-472x1024.jpg\" alt=\"\" data-id=\"956\" data-link=\"http:\/\/ipoweb.bruxelles.be\/emileandre\/?attachment_id=956\" class=\"wp-image-956\" srcset=\"https:\/\/ipoweb.bruxelles.be\/emileandre\/wp-content\/uploads\/2019\/09\/20190916_111205-e1568647635138-472x1024.jpg 472w, https:\/\/ipoweb.bruxelles.be\/emileandre\/wp-content\/uploads\/2019\/09\/20190916_111205-e1568647635138-138x300.jpg 138w, https:\/\/ipoweb.bruxelles.be\/emileandre\/wp-content\/uploads\/2019\/09\/20190916_111205-e1568647635138-768x1665.jpg 768w, https:\/\/ipoweb.bruxelles.be\/emileandre\/wp-content\/uploads\/2019\/09\/20190916_111205-e1568647635138.jpg 1188w\" sizes=\"(max-width: 472px) 100vw, 472px\" \/><\/figure><\/li><li class=\"blocks-gallery-item\"><figure><img decoding=\"async\" loading=\"lazy\" width=\"473\" height=\"1024\" src=\"http:\/\/ipoweb.bruxelles.be\/emileandre\/wp-content\/uploads\/2019\/09\/20190916_111116_resized-473x1024.jpg\" alt=\"\" data-id=\"955\" data-link=\"http:\/\/ipoweb.bruxelles.be\/emileandre\/?attachment_id=955\" class=\"wp-image-955\" srcset=\"https:\/\/ipoweb.bruxelles.be\/emileandre\/wp-content\/uploads\/2019\/09\/20190916_111116_resized-473x1024.jpg 473w, https:\/\/ipoweb.bruxelles.be\/emileandre\/wp-content\/uploads\/2019\/09\/20190916_111116_resized-139x300.jpg 139w, https:\/\/ipoweb.bruxelles.be\/emileandre\/wp-content\/uploads\/2019\/09\/20190916_111116_resized.jpg 532w\" sizes=\"(max-width: 473px) 100vw, 473px\" \/><\/figure><\/li><\/ul>\n\n\n\n<figure class=\"wp-block-image\"><img decoding=\"async\" loading=\"lazy\" width=\"1024\" height=\"472\" src=\"http:\/\/ipoweb.bruxelles.be\/emileandre\/wp-content\/uploads\/2019\/09\/thumbnail_20190916_112129-2-1024x472.jpg\" alt=\"\" class=\"wp-image-968\" srcset=\"https:\/\/ipoweb.bruxelles.be\/emileandre\/wp-content\/uploads\/2019\/09\/thumbnail_20190916_112129-2-1024x472.jpg 1024w, https:\/\/ipoweb.bruxelles.be\/emileandre\/wp-content\/uploads\/2019\/09\/thumbnail_20190916_112129-2-300x138.jpg 300w, https:\/\/ipoweb.bruxelles.be\/emileandre\/wp-content\/uploads\/2019\/09\/thumbnail_20190916_112129-2-768x354.jpg 768w, https:\/\/ipoweb.bruxelles.be\/emileandre\/wp-content\/uploads\/2019\/09\/thumbnail_20190916_112129-2.jpg 1280w\" sizes=\"(max-width: 1024px) 100vw, 1024px\" \/><\/figure>\n","protected":false},"excerpt":{"rendered":"<p>Ce lundi 16 septembre, nous sommes all\u00e9s \u00e0 la d\u00e9couverte de l&rsquo;art mural. Un beau moment de d\u00e9couvertes ponctu\u00e9 par la r\u00e9alisation de trois \u0153uvres.<\/p>\n","protected":false},"author":3,"featured_media":0,"comment_status":"closed","ping_status":"open","sticky":false,"template":"","format":"standard","meta":{"footnotes":""},"categories":[1,10],"tags":[],"_links":{"self":[{"href":"https:\/\/ipoweb.bruxelles.be\/emileandre\/index.php?rest_route=\/wp\/v2\/posts\/962"}],"collection":[{"href":"https:\/\/ipoweb.bruxelles.be\/emileandre\/index.php?rest_route=\/wp\/v2\/posts"}],"about":[{"href":"https:\/\/ipoweb.bruxelles.be\/emileandre\/index.php?rest_route=\/wp\/v2\/types\/post"}],"author":[{"embeddable":true,"href":"https:\/\/ipoweb.bruxelles.be\/emileandre\/index.php?rest_route=\/wp\/v2\/users\/3"}],"replies":[{"embeddable":true,"href":"https:\/\/ipoweb.bruxelles.be\/emileandre\/index.php?rest_route=%2Fwp%2Fv2%2Fcomments&post=962"}],"version-history":[{"count":2,"href":"https:\/\/ipoweb.bruxelles.be\/emileandre\/index.php?rest_route=\/wp\/v2\/posts\/962\/revisions"}],"predecessor-version":[{"id":969,"href":"https:\/\/ipoweb.bruxelles.be\/emileandre\/index.php?rest_route=\/wp\/v2\/posts\/962\/revisions\/969"}],"wp:attachment":[{"href":"https:\/\/ipoweb.bruxelles.be\/emileandre\/index.php?rest_route=%2Fwp%2Fv2%2Fmedia&parent=962"}],"wp:term":[{"taxonomy":"category","embeddable":true,"href":"https:\/\/ipoweb.bruxelles.be\/emileandre\/index.php?rest_route=%2Fwp%2Fv2%2Fcategories&post=962"},{"taxonomy":"post_tag","embeddable":true,"href":"https:\/\/ipoweb.bruxelles.be\/emileandre\/index.php?rest_route=%2Fwp%2Fv2%2Ftags&post=962"}],"curies":[{"name":"wp","href":"https:\/\/api.w.org\/{rel}","templated":true}]}}