{"id":100,"date":"2019-10-11T14:23:41","date_gmt":"2019-10-11T12:23:41","guid":{"rendered":"http:\/\/ipoweb.bruxelles.be\/primdachsbeck\/?p=100"},"modified":"2019-10-14T14:42:01","modified_gmt":"2019-10-14T12:42:01","slug":"paves-de-memoire","status":"publish","type":"post","link":"https:\/\/ipoweb.bruxelles.be\/primdachsbeck\/?p=100","title":{"rendered":"Pav\u00e9s de m\u00e9moire"},"content":{"rendered":"\n<p>Ce jeudi matin, nos \u00e9l\u00e8ves de sixi\u00e8me primaire ont assist\u00e9 \u00e0 une c\u00e9r\u00e9monie particuli\u00e8rement \u00e9mouvante. <\/p>\n\n\n\n<p>Il s&rsquo;agissait de la pose d&rsquo;un pav\u00e9 en m\u00e9moire de Jean Plas. Il \u00e9tait imprimeur \u00e0 la rue de Ruysbroeck. Plusieurs personnes ont pris la parole dont notamment la petite- fille. C&rsquo;\u00e9tait un honneur et un grand moment d&rsquo;\u00e9motion pour les \u00e9l\u00e8ves et les enseignantes de pouvoir assister \u00e0 un tel \u00e9v\u00e9nement.&nbsp;<\/p>\n\n\n\n<div class=\"wp-block-image\"><figure class=\"aligncenter is-resized\"><img decoding=\"async\" loading=\"lazy\" src=\"http:\/\/ipoweb.bruxelles.be\/primdachsbeck\/wp-content\/uploads\/2019\/10\/IMG-20191010-WA0009-e1570796428995-768x1024.jpg\" alt=\"\" class=\"wp-image-105\" width=\"327\" height=\"436\" srcset=\"https:\/\/ipoweb.bruxelles.be\/primdachsbeck\/wp-content\/uploads\/2019\/10\/IMG-20191010-WA0009-e1570796428995-768x1024.jpg 768w, https:\/\/ipoweb.bruxelles.be\/primdachsbeck\/wp-content\/uploads\/2019\/10\/IMG-20191010-WA0009-e1570796428995-225x300.jpg 225w, https:\/\/ipoweb.bruxelles.be\/primdachsbeck\/wp-content\/uploads\/2019\/10\/IMG-20191010-WA0009-e1570796428995.jpg 1440w\" sizes=\"(max-width: 327px) 100vw, 327px\" \/><figcaption>Le pav\u00e9 \u00e0 la m\u00e9moire de M. Plas<\/figcaption><\/figure><\/div>\n\n\n\n<figure class=\"wp-block-image\"><img decoding=\"async\" src=\"http:\/\/ipoweb.bruxelles.be\/primdachsbeck\/wp-content\/uploads\/2019\/10\/IMG-20191010-WA0002-1-1024x768.jpg\" alt=\"\" class=\"wp-image-102\"\/><\/figure>\n","protected":false},"excerpt":{"rendered":"<p>Ce jeudi matin, nos \u00e9l\u00e8ves de sixi\u00e8me primaire ont assist\u00e9 \u00e0 une c\u00e9r\u00e9monie particuli\u00e8rement \u00e9mouvante. Il s&rsquo;agissait de la pose d&rsquo;un pav\u00e9 en m\u00e9moire de Jean Plas. Il \u00e9tait imprimeur \u00e0 la rue de Ruysbroeck. Plusieurs personnes ont pris la parole dont notamment la petite- fille. C&rsquo;\u00e9tait un honneur et un grand moment d&rsquo;\u00e9motion pour [&hellip;]<\/p>\n","protected":false},"author":2,"featured_media":0,"comment_status":"closed","ping_status":"closed","sticky":false,"template":"","format":"standard","meta":{"footnotes":""},"categories":[1],"tags":[],"jetpack_sharing_enabled":true,"jetpack_featured_media_url":"","_links":{"self":[{"href":"https:\/\/ipoweb.bruxelles.be\/primdachsbeck\/index.php?rest_route=\/wp\/v2\/posts\/100"}],"collection":[{"href":"https:\/\/ipoweb.bruxelles.be\/primdachsbeck\/index.php?rest_route=\/wp\/v2\/posts"}],"about":[{"href":"https:\/\/ipoweb.bruxelles.be\/primdachsbeck\/index.php?rest_route=\/wp\/v2\/types\/post"}],"author":[{"embeddable":true,"href":"https:\/\/ipoweb.bruxelles.be\/primdachsbeck\/index.php?rest_route=\/wp\/v2\/users\/2"}],"replies":[{"embeddable":true,"href":"https:\/\/ipoweb.bruxelles.be\/primdachsbeck\/index.php?rest_route=%2Fwp%2Fv2%2Fcomments&post=100"}],"version-history":[{"count":1,"href":"https:\/\/ipoweb.bruxelles.be\/primdachsbeck\/index.php?rest_route=\/wp\/v2\/posts\/100\/revisions"}],"predecessor-version":[{"id":107,"href":"https:\/\/ipoweb.bruxelles.be\/primdachsbeck\/index.php?rest_route=\/wp\/v2\/posts\/100\/revisions\/107"}],"wp:attachment":[{"href":"https:\/\/ipoweb.bruxelles.be\/primdachsbeck\/index.php?rest_route=%2Fwp%2Fv2%2Fmedia&parent=100"}],"wp:term":[{"taxonomy":"category","embeddable":true,"href":"https:\/\/ipoweb.bruxelles.be\/primdachsbeck\/index.php?rest_route=%2Fwp%2Fv2%2Fcategories&post=100"},{"taxonomy":"post_tag","embeddable":true,"href":"https:\/\/ipoweb.bruxelles.be\/primdachsbeck\/index.php?rest_route=%2Fwp%2Fv2%2Ftags&post=100"}],"curies":[{"name":"wp","href":"https:\/\/api.w.org\/{rel}","templated":true}]}}