{"id":1002,"date":"2023-03-31T13:27:58","date_gmt":"2023-03-31T11:27:58","guid":{"rendered":"http:\/\/ipoweb.bruxelles.be\/primdachsbeck\/?p=1002"},"modified":"2023-10-16T10:52:41","modified_gmt":"2023-10-16T08:52:41","slug":"retour-classes-de-ferme-et-dernieres-photos","status":"publish","type":"post","link":"https:\/\/ipoweb.bruxelles.be\/primdachsbeck\/?p=1002","title":{"rendered":"Retour classes de ferme et derni\u00e8res photos !"},"content":{"rendered":"\n<p>Chers parents,<\/p>\n\n\n\n<p>vos vacances se terminent bient\u00f4t, les enfants reviennent \ud83d\ude42 <\/p>\n\n\n\n<p>L&rsquo;heure de retour est pr\u00e9vue vers 15h00 (en esp\u00e9rant qu&rsquo;il n&rsquo;y ait pas trop d&#8217;embouteillages&#8230;).<\/p>\n\n\n\n<p>Lorsque le bus de votre enfant sera l\u00e0, nous vous demandons dans un premier temps de prendre sa valise. Lorsque toutes les valises seront r\u00e9cup\u00e9r\u00e9es, nous donnerons la carte d&rsquo;identit\u00e9 \u00e0 votre enfant et l&rsquo;inviteront \u00e0 vous rejoindre en sortant du bus. Cela demande un peu de patience et de discipline, mais garantit la s\u00e9curit\u00e9 de votre enfant. J&rsquo;esp\u00e8re pouvoir compter sur votre collaboration ! Le Directeur<\/p>\n\n\n\n<ul class=\"wp-block-gallery columns-3 is-cropped wp-block-gallery-1 is-layout-flex wp-block-gallery-is-layout-flex\"><li class=\"blocks-gallery-item\"><figure><img decoding=\"async\" loading=\"lazy\" width=\"1024\" height=\"768\" src=\"http:\/\/ipoweb.bruxelles.be\/primdachsbeck\/wp-content\/uploads\/2023\/03\/WhatsApp-Image-2023-03-30-at-21.36.24-1024x768.jpeg\" alt=\"\" data-id=\"1001\" data-link=\"http:\/\/ipoweb.bruxelles.be\/primdachsbeck\/?attachment_id=1001\" class=\"wp-image-1001\" srcset=\"https:\/\/ipoweb.bruxelles.be\/primdachsbeck\/wp-content\/uploads\/2023\/03\/WhatsApp-Image-2023-03-30-at-21.36.24-1024x768.jpeg 1024w, https:\/\/ipoweb.bruxelles.be\/primdachsbeck\/wp-content\/uploads\/2023\/03\/WhatsApp-Image-2023-03-30-at-21.36.24-300x225.jpeg 300w, https:\/\/ipoweb.bruxelles.be\/primdachsbeck\/wp-content\/uploads\/2023\/03\/WhatsApp-Image-2023-03-30-at-21.36.24-768x576.jpeg 768w, https:\/\/ipoweb.bruxelles.be\/primdachsbeck\/wp-content\/uploads\/2023\/03\/WhatsApp-Image-2023-03-30-at-21.36.24.jpeg 1600w\" sizes=\"(max-width: 1024px) 100vw, 1024px\" \/><\/figure><\/li><li class=\"blocks-gallery-item\"><figure><img decoding=\"async\" loading=\"lazy\" width=\"1024\" height=\"768\" src=\"http:\/\/ipoweb.bruxelles.be\/primdachsbeck\/wp-content\/uploads\/2023\/03\/WhatsApp-Image-2023-03-30-at-21.36.24-1-1024x768.jpeg\" alt=\"\" data-id=\"1000\" data-link=\"http:\/\/ipoweb.bruxelles.be\/primdachsbeck\/?attachment_id=1000\" class=\"wp-image-1000\" srcset=\"https:\/\/ipoweb.bruxelles.be\/primdachsbeck\/wp-content\/uploads\/2023\/03\/WhatsApp-Image-2023-03-30-at-21.36.24-1-1024x768.jpeg 1024w, https:\/\/ipoweb.bruxelles.be\/primdachsbeck\/wp-content\/uploads\/2023\/03\/WhatsApp-Image-2023-03-30-at-21.36.24-1-300x225.jpeg 300w, https:\/\/ipoweb.bruxelles.be\/primdachsbeck\/wp-content\/uploads\/2023\/03\/WhatsApp-Image-2023-03-30-at-21.36.24-1-768x576.jpeg 768w, https:\/\/ipoweb.bruxelles.be\/primdachsbeck\/wp-content\/uploads\/2023\/03\/WhatsApp-Image-2023-03-30-at-21.36.24-1.jpeg 1600w\" sizes=\"(max-width: 1024px) 100vw, 1024px\" \/><\/figure><\/li><li class=\"blocks-gallery-item\"><figure><img decoding=\"async\" loading=\"lazy\" width=\"768\" height=\"1024\" src=\"http:\/\/ipoweb.bruxelles.be\/primdachsbeck\/wp-content\/uploads\/2023\/03\/WhatsApp-Image-2023-03-30-at-21.36.24-2-768x1024.jpeg\" alt=\"\" data-id=\"999\" data-link=\"http:\/\/ipoweb.bruxelles.be\/primdachsbeck\/?attachment_id=999\" class=\"wp-image-999\" srcset=\"https:\/\/ipoweb.bruxelles.be\/primdachsbeck\/wp-content\/uploads\/2023\/03\/WhatsApp-Image-2023-03-30-at-21.36.24-2-768x1024.jpeg 768w, https:\/\/ipoweb.bruxelles.be\/primdachsbeck\/wp-content\/uploads\/2023\/03\/WhatsApp-Image-2023-03-30-at-21.36.24-2-225x300.jpeg 225w, https:\/\/ipoweb.bruxelles.be\/primdachsbeck\/wp-content\/uploads\/2023\/03\/WhatsApp-Image-2023-03-30-at-21.36.24-2.jpeg 1200w\" sizes=\"(max-width: 768px) 100vw, 768px\" \/><\/figure><\/li><li class=\"blocks-gallery-item\"><figure><img decoding=\"async\" loading=\"lazy\" width=\"768\" height=\"1024\" src=\"http:\/\/ipoweb.bruxelles.be\/primdachsbeck\/wp-content\/uploads\/2023\/03\/WhatsApp-Image-2023-03-30-at-21.36.25-768x1024.jpeg\" alt=\"\" data-id=\"998\" data-link=\"http:\/\/ipoweb.bruxelles.be\/primdachsbeck\/?attachment_id=998\" class=\"wp-image-998\" srcset=\"https:\/\/ipoweb.bruxelles.be\/primdachsbeck\/wp-content\/uploads\/2023\/03\/WhatsApp-Image-2023-03-30-at-21.36.25-768x1024.jpeg 768w, https:\/\/ipoweb.bruxelles.be\/primdachsbeck\/wp-content\/uploads\/2023\/03\/WhatsApp-Image-2023-03-30-at-21.36.25-225x300.jpeg 225w, https:\/\/ipoweb.bruxelles.be\/primdachsbeck\/wp-content\/uploads\/2023\/03\/WhatsApp-Image-2023-03-30-at-21.36.25.jpeg 1200w\" sizes=\"(max-width: 768px) 100vw, 768px\" \/><\/figure><\/li><li class=\"blocks-gallery-item\"><figure><img decoding=\"async\" loading=\"lazy\" width=\"768\" height=\"1024\" src=\"http:\/\/ipoweb.bruxelles.be\/primdachsbeck\/wp-content\/uploads\/2023\/03\/WhatsApp-Image-2023-03-30-at-21.36.25-1-768x1024.jpeg\" alt=\"\" data-id=\"997\" data-link=\"http:\/\/ipoweb.bruxelles.be\/primdachsbeck\/?attachment_id=997\" class=\"wp-image-997\" srcset=\"https:\/\/ipoweb.bruxelles.be\/primdachsbeck\/wp-content\/uploads\/2023\/03\/WhatsApp-Image-2023-03-30-at-21.36.25-1-768x1024.jpeg 768w, https:\/\/ipoweb.bruxelles.be\/primdachsbeck\/wp-content\/uploads\/2023\/03\/WhatsApp-Image-2023-03-30-at-21.36.25-1-225x300.jpeg 225w, https:\/\/ipoweb.bruxelles.be\/primdachsbeck\/wp-content\/uploads\/2023\/03\/WhatsApp-Image-2023-03-30-at-21.36.25-1.jpeg 1200w\" sizes=\"(max-width: 768px) 100vw, 768px\" \/><\/figure><\/li><li class=\"blocks-gallery-item\"><figure><img decoding=\"async\" loading=\"lazy\" width=\"768\" height=\"1024\" src=\"http:\/\/ipoweb.bruxelles.be\/primdachsbeck\/wp-content\/uploads\/2023\/03\/WhatsApp-Image-2023-03-30-at-21.36.25-2-768x1024.jpeg\" alt=\"\" data-id=\"996\" data-link=\"http:\/\/ipoweb.bruxelles.be\/primdachsbeck\/?attachment_id=996\" class=\"wp-image-996\" srcset=\"https:\/\/ipoweb.bruxelles.be\/primdachsbeck\/wp-content\/uploads\/2023\/03\/WhatsApp-Image-2023-03-30-at-21.36.25-2-768x1024.jpeg 768w, https:\/\/ipoweb.bruxelles.be\/primdachsbeck\/wp-content\/uploads\/2023\/03\/WhatsApp-Image-2023-03-30-at-21.36.25-2-225x300.jpeg 225w, https:\/\/ipoweb.bruxelles.be\/primdachsbeck\/wp-content\/uploads\/2023\/03\/WhatsApp-Image-2023-03-30-at-21.36.25-2.jpeg 1200w\" sizes=\"(max-width: 768px) 100vw, 768px\" \/><\/figure><\/li><li class=\"blocks-gallery-item\"><figure><img decoding=\"async\" loading=\"lazy\" width=\"1024\" height=\"769\" src=\"http:\/\/ipoweb.bruxelles.be\/primdachsbeck\/wp-content\/uploads\/2023\/03\/WhatsApp-Image-2023-03-30-at-12.16.13-1024x769.jpeg\" alt=\"\" data-id=\"995\" data-link=\"http:\/\/ipoweb.bruxelles.be\/primdachsbeck\/?attachment_id=995\" class=\"wp-image-995\" srcset=\"https:\/\/ipoweb.bruxelles.be\/primdachsbeck\/wp-content\/uploads\/2023\/03\/WhatsApp-Image-2023-03-30-at-12.16.13-1024x769.jpeg 1024w, https:\/\/ipoweb.bruxelles.be\/primdachsbeck\/wp-content\/uploads\/2023\/03\/WhatsApp-Image-2023-03-30-at-12.16.13-300x225.jpeg 300w, https:\/\/ipoweb.bruxelles.be\/primdachsbeck\/wp-content\/uploads\/2023\/03\/WhatsApp-Image-2023-03-30-at-12.16.13-768x576.jpeg 768w, https:\/\/ipoweb.bruxelles.be\/primdachsbeck\/wp-content\/uploads\/2023\/03\/WhatsApp-Image-2023-03-30-at-12.16.13.jpeg 1600w\" sizes=\"(max-width: 1024px) 100vw, 1024px\" \/><\/figure><\/li><li class=\"blocks-gallery-item\"><figure><img decoding=\"async\" loading=\"lazy\" width=\"1024\" height=\"769\" src=\"http:\/\/ipoweb.bruxelles.be\/primdachsbeck\/wp-content\/uploads\/2023\/03\/WhatsApp-Image-2023-03-30-at-12.16.13-1-1024x769.jpeg\" alt=\"\" data-id=\"994\" data-link=\"http:\/\/ipoweb.bruxelles.be\/primdachsbeck\/?attachment_id=994\" class=\"wp-image-994\" srcset=\"https:\/\/ipoweb.bruxelles.be\/primdachsbeck\/wp-content\/uploads\/2023\/03\/WhatsApp-Image-2023-03-30-at-12.16.13-1-1024x769.jpeg 1024w, https:\/\/ipoweb.bruxelles.be\/primdachsbeck\/wp-content\/uploads\/2023\/03\/WhatsApp-Image-2023-03-30-at-12.16.13-1-300x225.jpeg 300w, https:\/\/ipoweb.bruxelles.be\/primdachsbeck\/wp-content\/uploads\/2023\/03\/WhatsApp-Image-2023-03-30-at-12.16.13-1-768x576.jpeg 768w, https:\/\/ipoweb.bruxelles.be\/primdachsbeck\/wp-content\/uploads\/2023\/03\/WhatsApp-Image-2023-03-30-at-12.16.13-1.jpeg 1600w\" sizes=\"(max-width: 1024px) 100vw, 1024px\" \/><\/figure><\/li><li class=\"blocks-gallery-item\"><figure><img decoding=\"async\" loading=\"lazy\" width=\"1024\" height=\"769\" src=\"http:\/\/ipoweb.bruxelles.be\/primdachsbeck\/wp-content\/uploads\/2023\/03\/WhatsApp-Image-2023-03-30-at-12.16.26-1024x769.jpeg\" alt=\"\" data-id=\"993\" data-link=\"http:\/\/ipoweb.bruxelles.be\/primdachsbeck\/?attachment_id=993\" class=\"wp-image-993\" srcset=\"https:\/\/ipoweb.bruxelles.be\/primdachsbeck\/wp-content\/uploads\/2023\/03\/WhatsApp-Image-2023-03-30-at-12.16.26-1024x769.jpeg 1024w, https:\/\/ipoweb.bruxelles.be\/primdachsbeck\/wp-content\/uploads\/2023\/03\/WhatsApp-Image-2023-03-30-at-12.16.26-300x225.jpeg 300w, https:\/\/ipoweb.bruxelles.be\/primdachsbeck\/wp-content\/uploads\/2023\/03\/WhatsApp-Image-2023-03-30-at-12.16.26-768x576.jpeg 768w, https:\/\/ipoweb.bruxelles.be\/primdachsbeck\/wp-content\/uploads\/2023\/03\/WhatsApp-Image-2023-03-30-at-12.16.26.jpeg 2048w\" sizes=\"(max-width: 1024px) 100vw, 1024px\" \/><\/figure><\/li><li class=\"blocks-gallery-item\"><figure><img decoding=\"async\" loading=\"lazy\" width=\"1024\" height=\"769\" src=\"http:\/\/ipoweb.bruxelles.be\/primdachsbeck\/wp-content\/uploads\/2023\/03\/WhatsApp-Image-2023-03-30-at-12.16.46-1024x769.jpeg\" alt=\"\" data-id=\"992\" data-link=\"http:\/\/ipoweb.bruxelles.be\/primdachsbeck\/?attachment_id=992\" class=\"wp-image-992\" srcset=\"https:\/\/ipoweb.bruxelles.be\/primdachsbeck\/wp-content\/uploads\/2023\/03\/WhatsApp-Image-2023-03-30-at-12.16.46-1024x769.jpeg 1024w, https:\/\/ipoweb.bruxelles.be\/primdachsbeck\/wp-content\/uploads\/2023\/03\/WhatsApp-Image-2023-03-30-at-12.16.46-300x225.jpeg 300w, https:\/\/ipoweb.bruxelles.be\/primdachsbeck\/wp-content\/uploads\/2023\/03\/WhatsApp-Image-2023-03-30-at-12.16.46-768x576.jpeg 768w, https:\/\/ipoweb.bruxelles.be\/primdachsbeck\/wp-content\/uploads\/2023\/03\/WhatsApp-Image-2023-03-30-at-12.16.46.jpeg 2048w\" sizes=\"(max-width: 1024px) 100vw, 1024px\" \/><\/figure><\/li><li class=\"blocks-gallery-item\"><figure><img decoding=\"async\" loading=\"lazy\" width=\"1024\" height=\"769\" src=\"http:\/\/ipoweb.bruxelles.be\/primdachsbeck\/wp-content\/uploads\/2023\/03\/WhatsApp-Image-2023-03-30-at-12.16.37-1024x769.jpeg\" alt=\"\" data-id=\"991\" data-link=\"http:\/\/ipoweb.bruxelles.be\/primdachsbeck\/?attachment_id=991\" class=\"wp-image-991\" srcset=\"https:\/\/ipoweb.bruxelles.be\/primdachsbeck\/wp-content\/uploads\/2023\/03\/WhatsApp-Image-2023-03-30-at-12.16.37-1024x769.jpeg 1024w, https:\/\/ipoweb.bruxelles.be\/primdachsbeck\/wp-content\/uploads\/2023\/03\/WhatsApp-Image-2023-03-30-at-12.16.37-300x225.jpeg 300w, https:\/\/ipoweb.bruxelles.be\/primdachsbeck\/wp-content\/uploads\/2023\/03\/WhatsApp-Image-2023-03-30-at-12.16.37-768x576.jpeg 768w, https:\/\/ipoweb.bruxelles.be\/primdachsbeck\/wp-content\/uploads\/2023\/03\/WhatsApp-Image-2023-03-30-at-12.16.37.jpeg 2048w\" sizes=\"(max-width: 1024px) 100vw, 1024px\" \/><\/figure><\/li><li class=\"blocks-gallery-item\"><figure><img decoding=\"async\" loading=\"lazy\" width=\"1024\" height=\"769\" src=\"http:\/\/ipoweb.bruxelles.be\/primdachsbeck\/wp-content\/uploads\/2023\/03\/WhatsApp-Image-2023-03-30-at-16.43.07-1024x769.jpeg\" alt=\"\" data-id=\"990\" data-link=\"http:\/\/ipoweb.bruxelles.be\/primdachsbeck\/?attachment_id=990\" class=\"wp-image-990\" srcset=\"https:\/\/ipoweb.bruxelles.be\/primdachsbeck\/wp-content\/uploads\/2023\/03\/WhatsApp-Image-2023-03-30-at-16.43.07-1024x769.jpeg 1024w, https:\/\/ipoweb.bruxelles.be\/primdachsbeck\/wp-content\/uploads\/2023\/03\/WhatsApp-Image-2023-03-30-at-16.43.07-300x225.jpeg 300w, https:\/\/ipoweb.bruxelles.be\/primdachsbeck\/wp-content\/uploads\/2023\/03\/WhatsApp-Image-2023-03-30-at-16.43.07-768x576.jpeg 768w, https:\/\/ipoweb.bruxelles.be\/primdachsbeck\/wp-content\/uploads\/2023\/03\/WhatsApp-Image-2023-03-30-at-16.43.07.jpeg 2048w\" sizes=\"(max-width: 1024px) 100vw, 1024px\" \/><\/figure><\/li><li class=\"blocks-gallery-item\"><figure><img decoding=\"async\" loading=\"lazy\" width=\"1024\" height=\"769\" src=\"http:\/\/ipoweb.bruxelles.be\/primdachsbeck\/wp-content\/uploads\/2023\/03\/WhatsApp-Image-2023-03-30-at-16.43.15-1024x769.jpeg\" alt=\"\" data-id=\"989\" data-link=\"http:\/\/ipoweb.bruxelles.be\/primdachsbeck\/?attachment_id=989\" class=\"wp-image-989\" srcset=\"https:\/\/ipoweb.bruxelles.be\/primdachsbeck\/wp-content\/uploads\/2023\/03\/WhatsApp-Image-2023-03-30-at-16.43.15-1024x769.jpeg 1024w, https:\/\/ipoweb.bruxelles.be\/primdachsbeck\/wp-content\/uploads\/2023\/03\/WhatsApp-Image-2023-03-30-at-16.43.15-300x225.jpeg 300w, https:\/\/ipoweb.bruxelles.be\/primdachsbeck\/wp-content\/uploads\/2023\/03\/WhatsApp-Image-2023-03-30-at-16.43.15-768x576.jpeg 768w, https:\/\/ipoweb.bruxelles.be\/primdachsbeck\/wp-content\/uploads\/2023\/03\/WhatsApp-Image-2023-03-30-at-16.43.15.jpeg 2048w\" sizes=\"(max-width: 1024px) 100vw, 1024px\" \/><\/figure><\/li><li class=\"blocks-gallery-item\"><figure><img decoding=\"async\" loading=\"lazy\" width=\"769\" height=\"1024\" src=\"http:\/\/ipoweb.bruxelles.be\/primdachsbeck\/wp-content\/uploads\/2023\/03\/WhatsApp-Image-2023-03-30-at-16.43.24-769x1024.jpeg\" alt=\"\" data-id=\"988\" data-link=\"http:\/\/ipoweb.bruxelles.be\/primdachsbeck\/?attachment_id=988\" class=\"wp-image-988\" srcset=\"https:\/\/ipoweb.bruxelles.be\/primdachsbeck\/wp-content\/uploads\/2023\/03\/WhatsApp-Image-2023-03-30-at-16.43.24-769x1024.jpeg 769w, https:\/\/ipoweb.bruxelles.be\/primdachsbeck\/wp-content\/uploads\/2023\/03\/WhatsApp-Image-2023-03-30-at-16.43.24-225x300.jpeg 225w, https:\/\/ipoweb.bruxelles.be\/primdachsbeck\/wp-content\/uploads\/2023\/03\/WhatsApp-Image-2023-03-30-at-16.43.24-768x1023.jpeg 768w, https:\/\/ipoweb.bruxelles.be\/primdachsbeck\/wp-content\/uploads\/2023\/03\/WhatsApp-Image-2023-03-30-at-16.43.24.jpeg 1537w\" sizes=\"(max-width: 769px) 100vw, 769px\" \/><\/figure><\/li><li class=\"blocks-gallery-item\"><figure><img decoding=\"async\" loading=\"lazy\" width=\"769\" height=\"1024\" src=\"http:\/\/ipoweb.bruxelles.be\/primdachsbeck\/wp-content\/uploads\/2023\/03\/WhatsApp-Image-2023-03-30-at-16.43.36-769x1024.jpeg\" alt=\"\" data-id=\"987\" data-link=\"http:\/\/ipoweb.bruxelles.be\/primdachsbeck\/?attachment_id=987\" class=\"wp-image-987\" srcset=\"https:\/\/ipoweb.bruxelles.be\/primdachsbeck\/wp-content\/uploads\/2023\/03\/WhatsApp-Image-2023-03-30-at-16.43.36-769x1024.jpeg 769w, https:\/\/ipoweb.bruxelles.be\/primdachsbeck\/wp-content\/uploads\/2023\/03\/WhatsApp-Image-2023-03-30-at-16.43.36-225x300.jpeg 225w, https:\/\/ipoweb.bruxelles.be\/primdachsbeck\/wp-content\/uploads\/2023\/03\/WhatsApp-Image-2023-03-30-at-16.43.36-768x1023.jpeg 768w, https:\/\/ipoweb.bruxelles.be\/primdachsbeck\/wp-content\/uploads\/2023\/03\/WhatsApp-Image-2023-03-30-at-16.43.36.jpeg 1537w\" sizes=\"(max-width: 769px) 100vw, 769px\" \/><\/figure><\/li><li class=\"blocks-gallery-item\"><figure><img decoding=\"async\" loading=\"lazy\" width=\"1024\" height=\"769\" src=\"http:\/\/ipoweb.bruxelles.be\/primdachsbeck\/wp-content\/uploads\/2023\/03\/WhatsApp-Image-2023-03-30-at-18.02.46-1024x769.jpeg\" alt=\"\" data-id=\"986\" data-link=\"http:\/\/ipoweb.bruxelles.be\/primdachsbeck\/?attachment_id=986\" class=\"wp-image-986\" srcset=\"https:\/\/ipoweb.bruxelles.be\/primdachsbeck\/wp-content\/uploads\/2023\/03\/WhatsApp-Image-2023-03-30-at-18.02.46-1024x769.jpeg 1024w, https:\/\/ipoweb.bruxelles.be\/primdachsbeck\/wp-content\/uploads\/2023\/03\/WhatsApp-Image-2023-03-30-at-18.02.46-300x225.jpeg 300w, https:\/\/ipoweb.bruxelles.be\/primdachsbeck\/wp-content\/uploads\/2023\/03\/WhatsApp-Image-2023-03-30-at-18.02.46-768x576.jpeg 768w, https:\/\/ipoweb.bruxelles.be\/primdachsbeck\/wp-content\/uploads\/2023\/03\/WhatsApp-Image-2023-03-30-at-18.02.46.jpeg 2048w\" sizes=\"(max-width: 1024px) 100vw, 1024px\" \/><\/figure><\/li><li class=\"blocks-gallery-item\"><figure><img decoding=\"async\" loading=\"lazy\" width=\"1024\" height=\"769\" src=\"http:\/\/ipoweb.bruxelles.be\/primdachsbeck\/wp-content\/uploads\/2023\/03\/WhatsApp-Image-2023-03-30-at-18.03.07-1024x769.jpeg\" alt=\"\" data-id=\"985\" data-link=\"http:\/\/ipoweb.bruxelles.be\/primdachsbeck\/?attachment_id=985\" class=\"wp-image-985\" srcset=\"https:\/\/ipoweb.bruxelles.be\/primdachsbeck\/wp-content\/uploads\/2023\/03\/WhatsApp-Image-2023-03-30-at-18.03.07-1024x769.jpeg 1024w, https:\/\/ipoweb.bruxelles.be\/primdachsbeck\/wp-content\/uploads\/2023\/03\/WhatsApp-Image-2023-03-30-at-18.03.07-300x225.jpeg 300w, https:\/\/ipoweb.bruxelles.be\/primdachsbeck\/wp-content\/uploads\/2023\/03\/WhatsApp-Image-2023-03-30-at-18.03.07-768x576.jpeg 768w, https:\/\/ipoweb.bruxelles.be\/primdachsbeck\/wp-content\/uploads\/2023\/03\/WhatsApp-Image-2023-03-30-at-18.03.07.jpeg 2048w\" sizes=\"(max-width: 1024px) 100vw, 1024px\" \/><\/figure><\/li><li class=\"blocks-gallery-item\"><figure><img decoding=\"async\" loading=\"lazy\" width=\"1024\" height=\"769\" src=\"http:\/\/ipoweb.bruxelles.be\/primdachsbeck\/wp-content\/uploads\/2023\/03\/WhatsApp-Image-2023-03-30-at-20.41.19-1024x769.jpeg\" alt=\"\" data-id=\"984\" data-link=\"http:\/\/ipoweb.bruxelles.be\/primdachsbeck\/?attachment_id=984\" class=\"wp-image-984\" srcset=\"https:\/\/ipoweb.bruxelles.be\/primdachsbeck\/wp-content\/uploads\/2023\/03\/WhatsApp-Image-2023-03-30-at-20.41.19-1024x769.jpeg 1024w, https:\/\/ipoweb.bruxelles.be\/primdachsbeck\/wp-content\/uploads\/2023\/03\/WhatsApp-Image-2023-03-30-at-20.41.19-300x225.jpeg 300w, https:\/\/ipoweb.bruxelles.be\/primdachsbeck\/wp-content\/uploads\/2023\/03\/WhatsApp-Image-2023-03-30-at-20.41.19-768x576.jpeg 768w, https:\/\/ipoweb.bruxelles.be\/primdachsbeck\/wp-content\/uploads\/2023\/03\/WhatsApp-Image-2023-03-30-at-20.41.19.jpeg 1600w\" sizes=\"(max-width: 1024px) 100vw, 1024px\" \/><\/figure><\/li><li class=\"blocks-gallery-item\"><figure><img decoding=\"async\" loading=\"lazy\" width=\"1024\" height=\"769\" src=\"http:\/\/ipoweb.bruxelles.be\/primdachsbeck\/wp-content\/uploads\/2023\/03\/WhatsApp-Image-2023-03-30-at-20.41.20-1024x769.jpeg\" alt=\"\" data-id=\"983\" data-link=\"http:\/\/ipoweb.bruxelles.be\/primdachsbeck\/?attachment_id=983\" class=\"wp-image-983\" srcset=\"https:\/\/ipoweb.bruxelles.be\/primdachsbeck\/wp-content\/uploads\/2023\/03\/WhatsApp-Image-2023-03-30-at-20.41.20-1024x769.jpeg 1024w, https:\/\/ipoweb.bruxelles.be\/primdachsbeck\/wp-content\/uploads\/2023\/03\/WhatsApp-Image-2023-03-30-at-20.41.20-300x225.jpeg 300w, https:\/\/ipoweb.bruxelles.be\/primdachsbeck\/wp-content\/uploads\/2023\/03\/WhatsApp-Image-2023-03-30-at-20.41.20-768x576.jpeg 768w, https:\/\/ipoweb.bruxelles.be\/primdachsbeck\/wp-content\/uploads\/2023\/03\/WhatsApp-Image-2023-03-30-at-20.41.20.jpeg 1600w\" sizes=\"(max-width: 1024px) 100vw, 1024px\" \/><\/figure><\/li><li class=\"blocks-gallery-item\"><figure><img decoding=\"async\" loading=\"lazy\" width=\"1024\" height=\"769\" src=\"http:\/\/ipoweb.bruxelles.be\/primdachsbeck\/wp-content\/uploads\/2023\/03\/WhatsApp-Image-2023-03-30-at-20.41.31-1024x769.jpeg\" alt=\"\" data-id=\"982\" data-link=\"http:\/\/ipoweb.bruxelles.be\/primdachsbeck\/?attachment_id=982\" class=\"wp-image-982\" srcset=\"https:\/\/ipoweb.bruxelles.be\/primdachsbeck\/wp-content\/uploads\/2023\/03\/WhatsApp-Image-2023-03-30-at-20.41.31-1024x769.jpeg 1024w, https:\/\/ipoweb.bruxelles.be\/primdachsbeck\/wp-content\/uploads\/2023\/03\/WhatsApp-Image-2023-03-30-at-20.41.31-300x225.jpeg 300w, https:\/\/ipoweb.bruxelles.be\/primdachsbeck\/wp-content\/uploads\/2023\/03\/WhatsApp-Image-2023-03-30-at-20.41.31-768x576.jpeg 768w, https:\/\/ipoweb.bruxelles.be\/primdachsbeck\/wp-content\/uploads\/2023\/03\/WhatsApp-Image-2023-03-30-at-20.41.31.jpeg 2048w\" sizes=\"(max-width: 1024px) 100vw, 1024px\" \/><\/figure><\/li><li class=\"blocks-gallery-item\"><figure><img decoding=\"async\" loading=\"lazy\" width=\"1024\" height=\"769\" src=\"http:\/\/ipoweb.bruxelles.be\/primdachsbeck\/wp-content\/uploads\/2023\/03\/WhatsApp-Image-2023-03-30-at-20.41.43-1024x769.jpeg\" alt=\"\" data-id=\"981\" data-link=\"http:\/\/ipoweb.bruxelles.be\/primdachsbeck\/?attachment_id=981\" class=\"wp-image-981\" srcset=\"https:\/\/ipoweb.bruxelles.be\/primdachsbeck\/wp-content\/uploads\/2023\/03\/WhatsApp-Image-2023-03-30-at-20.41.43-1024x769.jpeg 1024w, https:\/\/ipoweb.bruxelles.be\/primdachsbeck\/wp-content\/uploads\/2023\/03\/WhatsApp-Image-2023-03-30-at-20.41.43-300x225.jpeg 300w, https:\/\/ipoweb.bruxelles.be\/primdachsbeck\/wp-content\/uploads\/2023\/03\/WhatsApp-Image-2023-03-30-at-20.41.43-768x576.jpeg 768w, https:\/\/ipoweb.bruxelles.be\/primdachsbeck\/wp-content\/uploads\/2023\/03\/WhatsApp-Image-2023-03-30-at-20.41.43.jpeg 2048w\" sizes=\"(max-width: 1024px) 100vw, 1024px\" \/><\/figure><\/li><li class=\"blocks-gallery-item\"><figure><img decoding=\"async\" loading=\"lazy\" width=\"1024\" height=\"769\" src=\"http:\/\/ipoweb.bruxelles.be\/primdachsbeck\/wp-content\/uploads\/2023\/03\/WhatsApp-Image-2023-03-30-at-20.41.54-1024x769.jpeg\" alt=\"\" data-id=\"980\" data-link=\"http:\/\/ipoweb.bruxelles.be\/primdachsbeck\/?attachment_id=980\" class=\"wp-image-980\" srcset=\"https:\/\/ipoweb.bruxelles.be\/primdachsbeck\/wp-content\/uploads\/2023\/03\/WhatsApp-Image-2023-03-30-at-20.41.54-1024x769.jpeg 1024w, https:\/\/ipoweb.bruxelles.be\/primdachsbeck\/wp-content\/uploads\/2023\/03\/WhatsApp-Image-2023-03-30-at-20.41.54-300x225.jpeg 300w, https:\/\/ipoweb.bruxelles.be\/primdachsbeck\/wp-content\/uploads\/2023\/03\/WhatsApp-Image-2023-03-30-at-20.41.54-768x576.jpeg 768w, https:\/\/ipoweb.bruxelles.be\/primdachsbeck\/wp-content\/uploads\/2023\/03\/WhatsApp-Image-2023-03-30-at-20.41.54.jpeg 2048w\" sizes=\"(max-width: 1024px) 100vw, 1024px\" \/><\/figure><\/li><li class=\"blocks-gallery-item\"><figure><img decoding=\"async\" loading=\"lazy\" width=\"768\" height=\"1024\" src=\"http:\/\/ipoweb.bruxelles.be\/primdachsbeck\/wp-content\/uploads\/2023\/03\/WhatsApp-Image-2023-03-30-at-17.44.17-768x1024.jpeg\" alt=\"\" data-id=\"979\" data-link=\"http:\/\/ipoweb.bruxelles.be\/primdachsbeck\/?attachment_id=979\" class=\"wp-image-979\" srcset=\"https:\/\/ipoweb.bruxelles.be\/primdachsbeck\/wp-content\/uploads\/2023\/03\/WhatsApp-Image-2023-03-30-at-17.44.17-768x1024.jpeg 768w, https:\/\/ipoweb.bruxelles.be\/primdachsbeck\/wp-content\/uploads\/2023\/03\/WhatsApp-Image-2023-03-30-at-17.44.17-225x300.jpeg 225w, https:\/\/ipoweb.bruxelles.be\/primdachsbeck\/wp-content\/uploads\/2023\/03\/WhatsApp-Image-2023-03-30-at-17.44.17.jpeg 1536w\" sizes=\"(max-width: 768px) 100vw, 768px\" \/><\/figure><\/li><li class=\"blocks-gallery-item\"><figure><img decoding=\"async\" loading=\"lazy\" width=\"1024\" height=\"768\" src=\"http:\/\/ipoweb.bruxelles.be\/primdachsbeck\/wp-content\/uploads\/2023\/03\/WhatsApp-Image-2023-03-30-at-17.44.17-1-1024x768.jpeg\" alt=\"\" data-id=\"978\" data-link=\"http:\/\/ipoweb.bruxelles.be\/primdachsbeck\/?attachment_id=978\" class=\"wp-image-978\" srcset=\"https:\/\/ipoweb.bruxelles.be\/primdachsbeck\/wp-content\/uploads\/2023\/03\/WhatsApp-Image-2023-03-30-at-17.44.17-1-1024x768.jpeg 1024w, https:\/\/ipoweb.bruxelles.be\/primdachsbeck\/wp-content\/uploads\/2023\/03\/WhatsApp-Image-2023-03-30-at-17.44.17-1-300x225.jpeg 300w, https:\/\/ipoweb.bruxelles.be\/primdachsbeck\/wp-content\/uploads\/2023\/03\/WhatsApp-Image-2023-03-30-at-17.44.17-1-768x576.jpeg 768w, https:\/\/ipoweb.bruxelles.be\/primdachsbeck\/wp-content\/uploads\/2023\/03\/WhatsApp-Image-2023-03-30-at-17.44.17-1.jpeg 2048w\" sizes=\"(max-width: 1024px) 100vw, 1024px\" \/><\/figure><\/li><li class=\"blocks-gallery-item\"><figure><img decoding=\"async\" loading=\"lazy\" width=\"1024\" height=\"768\" src=\"http:\/\/ipoweb.bruxelles.be\/primdachsbeck\/wp-content\/uploads\/2023\/03\/WhatsApp-Image-2023-03-30-at-17.44.18-1024x768.jpeg\" alt=\"\" data-id=\"977\" data-link=\"http:\/\/ipoweb.bruxelles.be\/primdachsbeck\/?attachment_id=977\" class=\"wp-image-977\" srcset=\"https:\/\/ipoweb.bruxelles.be\/primdachsbeck\/wp-content\/uploads\/2023\/03\/WhatsApp-Image-2023-03-30-at-17.44.18-1024x768.jpeg 1024w, https:\/\/ipoweb.bruxelles.be\/primdachsbeck\/wp-content\/uploads\/2023\/03\/WhatsApp-Image-2023-03-30-at-17.44.18-300x225.jpeg 300w, https:\/\/ipoweb.bruxelles.be\/primdachsbeck\/wp-content\/uploads\/2023\/03\/WhatsApp-Image-2023-03-30-at-17.44.18-768x576.jpeg 768w, https:\/\/ipoweb.bruxelles.be\/primdachsbeck\/wp-content\/uploads\/2023\/03\/WhatsApp-Image-2023-03-30-at-17.44.18.jpeg 2048w\" sizes=\"(max-width: 1024px) 100vw, 1024px\" \/><\/figure><\/li><li class=\"blocks-gallery-item\"><figure><img decoding=\"async\" loading=\"lazy\" width=\"1024\" height=\"768\" src=\"http:\/\/ipoweb.bruxelles.be\/primdachsbeck\/wp-content\/uploads\/2023\/03\/WhatsApp-Image-2023-03-30-at-17.44.18-1-1024x768.jpeg\" alt=\"\" data-id=\"976\" data-link=\"http:\/\/ipoweb.bruxelles.be\/primdachsbeck\/?attachment_id=976\" class=\"wp-image-976\" srcset=\"https:\/\/ipoweb.bruxelles.be\/primdachsbeck\/wp-content\/uploads\/2023\/03\/WhatsApp-Image-2023-03-30-at-17.44.18-1-1024x768.jpeg 1024w, https:\/\/ipoweb.bruxelles.be\/primdachsbeck\/wp-content\/uploads\/2023\/03\/WhatsApp-Image-2023-03-30-at-17.44.18-1-300x225.jpeg 300w, https:\/\/ipoweb.bruxelles.be\/primdachsbeck\/wp-content\/uploads\/2023\/03\/WhatsApp-Image-2023-03-30-at-17.44.18-1-768x576.jpeg 768w, https:\/\/ipoweb.bruxelles.be\/primdachsbeck\/wp-content\/uploads\/2023\/03\/WhatsApp-Image-2023-03-30-at-17.44.18-1.jpeg 2048w\" sizes=\"(max-width: 1024px) 100vw, 1024px\" \/><\/figure><\/li><li class=\"blocks-gallery-item\"><figure><img decoding=\"async\" loading=\"lazy\" width=\"1024\" height=\"768\" src=\"http:\/\/ipoweb.bruxelles.be\/primdachsbeck\/wp-content\/uploads\/2023\/03\/WhatsApp-Image-2023-03-30-at-17.44.18-2-1024x768.jpeg\" alt=\"\" data-id=\"975\" data-link=\"http:\/\/ipoweb.bruxelles.be\/primdachsbeck\/?attachment_id=975\" class=\"wp-image-975\" srcset=\"https:\/\/ipoweb.bruxelles.be\/primdachsbeck\/wp-content\/uploads\/2023\/03\/WhatsApp-Image-2023-03-30-at-17.44.18-2-1024x768.jpeg 1024w, https:\/\/ipoweb.bruxelles.be\/primdachsbeck\/wp-content\/uploads\/2023\/03\/WhatsApp-Image-2023-03-30-at-17.44.18-2-300x225.jpeg 300w, https:\/\/ipoweb.bruxelles.be\/primdachsbeck\/wp-content\/uploads\/2023\/03\/WhatsApp-Image-2023-03-30-at-17.44.18-2-768x576.jpeg 768w, https:\/\/ipoweb.bruxelles.be\/primdachsbeck\/wp-content\/uploads\/2023\/03\/WhatsApp-Image-2023-03-30-at-17.44.18-2.jpeg 2048w\" sizes=\"(max-width: 1024px) 100vw, 1024px\" \/><\/figure><\/li><li class=\"blocks-gallery-item\"><figure><img decoding=\"async\" loading=\"lazy\" width=\"1024\" height=\"768\" src=\"http:\/\/ipoweb.bruxelles.be\/primdachsbeck\/wp-content\/uploads\/2023\/03\/WhatsApp-Image-2023-03-30-at-17.44.19-1024x768.jpeg\" alt=\"\" data-id=\"974\" data-link=\"http:\/\/ipoweb.bruxelles.be\/primdachsbeck\/?attachment_id=974\" class=\"wp-image-974\" srcset=\"https:\/\/ipoweb.bruxelles.be\/primdachsbeck\/wp-content\/uploads\/2023\/03\/WhatsApp-Image-2023-03-30-at-17.44.19-1024x768.jpeg 1024w, https:\/\/ipoweb.bruxelles.be\/primdachsbeck\/wp-content\/uploads\/2023\/03\/WhatsApp-Image-2023-03-30-at-17.44.19-300x225.jpeg 300w, https:\/\/ipoweb.bruxelles.be\/primdachsbeck\/wp-content\/uploads\/2023\/03\/WhatsApp-Image-2023-03-30-at-17.44.19-768x576.jpeg 768w, https:\/\/ipoweb.bruxelles.be\/primdachsbeck\/wp-content\/uploads\/2023\/03\/WhatsApp-Image-2023-03-30-at-17.44.19.jpeg 2048w\" sizes=\"(max-width: 1024px) 100vw, 1024px\" \/><\/figure><\/li><li class=\"blocks-gallery-item\"><figure><img decoding=\"async\" loading=\"lazy\" width=\"768\" height=\"1024\" src=\"http:\/\/ipoweb.bruxelles.be\/primdachsbeck\/wp-content\/uploads\/2023\/03\/WhatsApp-Image-2023-03-30-at-17.44.20-768x1024.jpeg\" alt=\"\" data-id=\"973\" data-link=\"http:\/\/ipoweb.bruxelles.be\/primdachsbeck\/?attachment_id=973\" class=\"wp-image-973\" srcset=\"https:\/\/ipoweb.bruxelles.be\/primdachsbeck\/wp-content\/uploads\/2023\/03\/WhatsApp-Image-2023-03-30-at-17.44.20-768x1024.jpeg 768w, https:\/\/ipoweb.bruxelles.be\/primdachsbeck\/wp-content\/uploads\/2023\/03\/WhatsApp-Image-2023-03-30-at-17.44.20-225x300.jpeg 225w, https:\/\/ipoweb.bruxelles.be\/primdachsbeck\/wp-content\/uploads\/2023\/03\/WhatsApp-Image-2023-03-30-at-17.44.20.jpeg 1536w\" sizes=\"(max-width: 768px) 100vw, 768px\" \/><\/figure><\/li><li class=\"blocks-gallery-item\"><figure><img decoding=\"async\" loading=\"lazy\" width=\"768\" height=\"1024\" src=\"http:\/\/ipoweb.bruxelles.be\/primdachsbeck\/wp-content\/uploads\/2023\/03\/WhatsApp-Image-2023-03-30-at-17.44.21-768x1024.jpeg\" alt=\"\" data-id=\"972\" data-link=\"http:\/\/ipoweb.bruxelles.be\/primdachsbeck\/?attachment_id=972\" class=\"wp-image-972\" srcset=\"https:\/\/ipoweb.bruxelles.be\/primdachsbeck\/wp-content\/uploads\/2023\/03\/WhatsApp-Image-2023-03-30-at-17.44.21-768x1024.jpeg 768w, https:\/\/ipoweb.bruxelles.be\/primdachsbeck\/wp-content\/uploads\/2023\/03\/WhatsApp-Image-2023-03-30-at-17.44.21-225x300.jpeg 225w, https:\/\/ipoweb.bruxelles.be\/primdachsbeck\/wp-content\/uploads\/2023\/03\/WhatsApp-Image-2023-03-30-at-17.44.21.jpeg 1536w\" sizes=\"(max-width: 768px) 100vw, 768px\" \/><\/figure><\/li><li class=\"blocks-gallery-item\"><figure><img decoding=\"async\" loading=\"lazy\" width=\"768\" height=\"1024\" src=\"http:\/\/ipoweb.bruxelles.be\/primdachsbeck\/wp-content\/uploads\/2023\/03\/WhatsApp-Image-2023-03-30-at-17.44.23-768x1024.jpeg\" alt=\"\" data-id=\"971\" data-link=\"http:\/\/ipoweb.bruxelles.be\/primdachsbeck\/?attachment_id=971\" class=\"wp-image-971\" srcset=\"https:\/\/ipoweb.bruxelles.be\/primdachsbeck\/wp-content\/uploads\/2023\/03\/WhatsApp-Image-2023-03-30-at-17.44.23-768x1024.jpeg 768w, https:\/\/ipoweb.bruxelles.be\/primdachsbeck\/wp-content\/uploads\/2023\/03\/WhatsApp-Image-2023-03-30-at-17.44.23-225x300.jpeg 225w, https:\/\/ipoweb.bruxelles.be\/primdachsbeck\/wp-content\/uploads\/2023\/03\/WhatsApp-Image-2023-03-30-at-17.44.23.jpeg 1536w\" sizes=\"(max-width: 768px) 100vw, 768px\" \/><\/figure><\/li><li class=\"blocks-gallery-item\"><figure><img decoding=\"async\" loading=\"lazy\" width=\"768\" height=\"1024\" src=\"http:\/\/ipoweb.bruxelles.be\/primdachsbeck\/wp-content\/uploads\/2023\/03\/WhatsApp-Image-2023-03-30-at-17.44.23-1-768x1024.jpeg\" alt=\"\" data-id=\"970\" data-link=\"http:\/\/ipoweb.bruxelles.be\/primdachsbeck\/?attachment_id=970\" class=\"wp-image-970\" srcset=\"https:\/\/ipoweb.bruxelles.be\/primdachsbeck\/wp-content\/uploads\/2023\/03\/WhatsApp-Image-2023-03-30-at-17.44.23-1-768x1024.jpeg 768w, https:\/\/ipoweb.bruxelles.be\/primdachsbeck\/wp-content\/uploads\/2023\/03\/WhatsApp-Image-2023-03-30-at-17.44.23-1-225x300.jpeg 225w, https:\/\/ipoweb.bruxelles.be\/primdachsbeck\/wp-content\/uploads\/2023\/03\/WhatsApp-Image-2023-03-30-at-17.44.23-1.jpeg 1536w\" sizes=\"(max-width: 768px) 100vw, 768px\" \/><\/figure><\/li><li class=\"blocks-gallery-item\"><figure><img decoding=\"async\" loading=\"lazy\" width=\"768\" height=\"1024\" src=\"http:\/\/ipoweb.bruxelles.be\/primdachsbeck\/wp-content\/uploads\/2023\/03\/WhatsApp-Image-2023-03-30-at-17.44.26-768x1024.jpeg\" alt=\"\" data-id=\"969\" data-link=\"http:\/\/ipoweb.bruxelles.be\/primdachsbeck\/?attachment_id=969\" class=\"wp-image-969\" srcset=\"https:\/\/ipoweb.bruxelles.be\/primdachsbeck\/wp-content\/uploads\/2023\/03\/WhatsApp-Image-2023-03-30-at-17.44.26-768x1024.jpeg 768w, https:\/\/ipoweb.bruxelles.be\/primdachsbeck\/wp-content\/uploads\/2023\/03\/WhatsApp-Image-2023-03-30-at-17.44.26-225x300.jpeg 225w, https:\/\/ipoweb.bruxelles.be\/primdachsbeck\/wp-content\/uploads\/2023\/03\/WhatsApp-Image-2023-03-30-at-17.44.26.jpeg 1536w\" sizes=\"(max-width: 768px) 100vw, 768px\" \/><\/figure><\/li><\/ul>\n","protected":false},"excerpt":{"rendered":"<p>Chers parents, vos vacances se terminent bient\u00f4t, les enfants reviennent \ud83d\ude42 L&rsquo;heure de retour est pr\u00e9vue vers 15h00 (en esp\u00e9rant qu&rsquo;il n&rsquo;y ait pas trop d&#8217;embouteillages&#8230;). Lorsque le bus de votre enfant sera l\u00e0, nous vous demandons dans un premier temps de prendre sa valise. Lorsque toutes les valises seront r\u00e9cup\u00e9r\u00e9es, nous donnerons la carte [&hellip;]<\/p>\n","protected":false},"author":2,"featured_media":0,"comment_status":"closed","ping_status":"open","sticky":false,"template":"","format":"standard","meta":{"footnotes":""},"categories":[1],"tags":[],"jetpack_sharing_enabled":true,"jetpack_featured_media_url":"","_links":{"self":[{"href":"https:\/\/ipoweb.bruxelles.be\/primdachsbeck\/index.php?rest_route=\/wp\/v2\/posts\/1002"}],"collection":[{"href":"https:\/\/ipoweb.bruxelles.be\/primdachsbeck\/index.php?rest_route=\/wp\/v2\/posts"}],"about":[{"href":"https:\/\/ipoweb.bruxelles.be\/primdachsbeck\/index.php?rest_route=\/wp\/v2\/types\/post"}],"author":[{"embeddable":true,"href":"https:\/\/ipoweb.bruxelles.be\/primdachsbeck\/index.php?rest_route=\/wp\/v2\/users\/2"}],"replies":[{"embeddable":true,"href":"https:\/\/ipoweb.bruxelles.be\/primdachsbeck\/index.php?rest_route=%2Fwp%2Fv2%2Fcomments&post=1002"}],"version-history":[{"count":3,"href":"https:\/\/ipoweb.bruxelles.be\/primdachsbeck\/index.php?rest_route=\/wp\/v2\/posts\/1002\/revisions"}],"predecessor-version":[{"id":1005,"href":"https:\/\/ipoweb.bruxelles.be\/primdachsbeck\/index.php?rest_route=\/wp\/v2\/posts\/1002\/revisions\/1005"}],"wp:attachment":[{"href":"https:\/\/ipoweb.bruxelles.be\/primdachsbeck\/index.php?rest_route=%2Fwp%2Fv2%2Fmedia&parent=1002"}],"wp:term":[{"taxonomy":"category","embeddable":true,"href":"https:\/\/ipoweb.bruxelles.be\/primdachsbeck\/index.php?rest_route=%2Fwp%2Fv2%2Fcategories&post=1002"},{"taxonomy":"post_tag","embeddable":true,"href":"https:\/\/ipoweb.bruxelles.be\/primdachsbeck\/index.php?rest_route=%2Fwp%2Fv2%2Ftags&post=1002"}],"curies":[{"name":"wp","href":"https:\/\/api.w.org\/{rel}","templated":true}]}}