{"id":1129,"date":"2025-01-31T14:02:10","date_gmt":"2025-01-31T13:02:10","guid":{"rendered":"https:\/\/ipoweb.bruxelles.be\/primdachsbeck\/?p=1129"},"modified":"2025-01-31T14:02:11","modified_gmt":"2025-01-31T13:02:11","slug":"retour-des-p6","status":"publish","type":"post","link":"https:\/\/ipoweb.bruxelles.be\/primdachsbeck\/?p=1129","title":{"rendered":"Retour des P6"},"content":{"rendered":"\n<p>Bonjour chers parents, chers grands-parents,<br>Ch\u00e8re.s s\u0153urs et fr\u00e8res,<\/p>\n\n\n\n<p>Les aventurier.i\u00e8re.s de Chevetogne reviennent \u00e0 BX City pleins de souvenirs m\u00e9morables (photos des 4 derniers ateliers g\u00e9niaux en pj), de comp\u00e9tences et amiti\u00e9s nouvelles et&#8230;d&rsquo;habits boueux ! Classe verte L\u00c9GENDAIRE ! Que du positif ! Tous les accompagnant.e.s (nous quoi !) et les animateur.rice.s de Chevetogne sont fier.e.s de vos enfants ! Une vraie p&rsquo;tite famille&#8230;tr\u00e8\u00e8\u00e8s nombreuse ! \ud83d\ude00<\/p>\n\n\n\n<p>Bon, sinon, niveau organisation : le car est pr\u00e9vu pour 13h donc rdv au lieu du d\u00e9part d\u00e8s 15h. Une fois le car arriv\u00e9, veuillez svp aider le cariste \u00e0 vider les soutes. R\u00e9cup\u00e9rez la valise et, ensuite, nous ferons sortir les enfants un par un quand nous aurons identifi\u00e9 le parent&#8230;histoire que tout se passe bien jusqu&rsquo;au bout ! \ud83d\udc4c<\/p>\n\n\n\n<p>N&rsquo;oubliez pas de placer un p&rsquo;tit remerciement \u00e0 Mmes Conreur, Sikorska, Van Rentherghem, M.Billal, M.Jason (sans oublier M.Oli ! \ud83d\ude1c) qui se sont occup\u00e9s de vos 60 enfants comme s&rsquo;ils \u00e9taient les leurs (&#8230;ce qu&rsquo;ils ont \u00e9t\u00e9 d&rsquo;ailleurs durant 5 jours) !<\/p>\n\n\n\n<p>Bon week-end&#8230;de lessives, de belles discussions et de retrouvailles.<\/p>\n\n\n\n<p>La Team Chevetogne !<\/p>\n","protected":false},"excerpt":{"rendered":"<p>Bonjour chers parents, chers grands-parents,Ch\u00e8re.s s\u0153urs et fr\u00e8res, Les aventurier.i\u00e8re.s de Chevetogne reviennent \u00e0 BX City pleins de souvenirs m\u00e9morables (photos des 4 derniers ateliers g\u00e9niaux en pj), de comp\u00e9tences et amiti\u00e9s nouvelles et&#8230;d&rsquo;habits boueux ! Classe verte L\u00c9GENDAIRE ! Que du positif ! Tous les accompagnant.e.s (nous quoi !) et les animateur.rice.s de Chevetogne [&hellip;]<\/p>\n","protected":false},"author":3,"featured_media":0,"comment_status":"closed","ping_status":"open","sticky":false,"template":"","format":"standard","meta":{"footnotes":""},"categories":[1],"tags":[],"jetpack_sharing_enabled":true,"jetpack_featured_media_url":"","_links":{"self":[{"href":"https:\/\/ipoweb.bruxelles.be\/primdachsbeck\/index.php?rest_route=\/wp\/v2\/posts\/1129"}],"collection":[{"href":"https:\/\/ipoweb.bruxelles.be\/primdachsbeck\/index.php?rest_route=\/wp\/v2\/posts"}],"about":[{"href":"https:\/\/ipoweb.bruxelles.be\/primdachsbeck\/index.php?rest_route=\/wp\/v2\/types\/post"}],"author":[{"embeddable":true,"href":"https:\/\/ipoweb.bruxelles.be\/primdachsbeck\/index.php?rest_route=\/wp\/v2\/users\/3"}],"replies":[{"embeddable":true,"href":"https:\/\/ipoweb.bruxelles.be\/primdachsbeck\/index.php?rest_route=%2Fwp%2Fv2%2Fcomments&post=1129"}],"version-history":[{"count":1,"href":"https:\/\/ipoweb.bruxelles.be\/primdachsbeck\/index.php?rest_route=\/wp\/v2\/posts\/1129\/revisions"}],"predecessor-version":[{"id":1130,"href":"https:\/\/ipoweb.bruxelles.be\/primdachsbeck\/index.php?rest_route=\/wp\/v2\/posts\/1129\/revisions\/1130"}],"wp:attachment":[{"href":"https:\/\/ipoweb.bruxelles.be\/primdachsbeck\/index.php?rest_route=%2Fwp%2Fv2%2Fmedia&parent=1129"}],"wp:term":[{"taxonomy":"category","embeddable":true,"href":"https:\/\/ipoweb.bruxelles.be\/primdachsbeck\/index.php?rest_route=%2Fwp%2Fv2%2Fcategories&post=1129"},{"taxonomy":"post_tag","embeddable":true,"href":"https:\/\/ipoweb.bruxelles.be\/primdachsbeck\/index.php?rest_route=%2Fwp%2Fv2%2Ftags&post=1129"}],"curies":[{"name":"wp","href":"https:\/\/api.w.org\/{rel}","templated":true}]}}