{"id":375,"date":"2019-10-23T09:10:29","date_gmt":"2019-10-23T07:10:29","guid":{"rendered":"http:\/\/ipoweb.bruxelles.be\/primdachsbeck\/?p=375"},"modified":"2019-10-23T09:10:37","modified_gmt":"2019-10-23T07:10:37","slug":"les-p6-a-sportez-vous-bien","status":"publish","type":"post","link":"https:\/\/ipoweb.bruxelles.be\/primdachsbeck\/?p=375","title":{"rendered":"Les P6 \u00e0 \u00ab\u00a0Sportez-vous bien\u00a0\u00bb!"},"content":{"rendered":"\n<p>Ce mardi 23 octobre 2019, les P6 \u00e9taient de sortie au Stade Roi Baudouin. Ils ont particip\u00e9 \u00e0 de multiples \u00e9preuves autour de l&rsquo;athl\u00e9tisme !<\/p>\n\n\n\n<ul class=\"wp-block-gallery columns-3 is-cropped wp-block-gallery-1 is-layout-flex wp-block-gallery-is-layout-flex\"><li class=\"blocks-gallery-item\"><figure><img decoding=\"async\" loading=\"lazy\" width=\"1024\" height=\"498\" src=\"http:\/\/ipoweb.bruxelles.be\/primdachsbeck\/wp-content\/uploads\/2019\/10\/20191022_1448585365032672839196767-1024x498.jpg\" alt=\"\" data-id=\"373\" data-link=\"http:\/\/ipoweb.bruxelles.be\/primdachsbeck\/?attachment_id=373\" class=\"wp-image-373\" srcset=\"https:\/\/ipoweb.bruxelles.be\/primdachsbeck\/wp-content\/uploads\/2019\/10\/20191022_1448585365032672839196767-1024x498.jpg 1024w, https:\/\/ipoweb.bruxelles.be\/primdachsbeck\/wp-content\/uploads\/2019\/10\/20191022_1448585365032672839196767-300x146.jpg 300w, https:\/\/ipoweb.bruxelles.be\/primdachsbeck\/wp-content\/uploads\/2019\/10\/20191022_1448585365032672839196767-768x373.jpg 768w\" sizes=\"(max-width: 1024px) 100vw, 1024px\" \/><\/figure><\/li><li class=\"blocks-gallery-item\"><figure><img decoding=\"async\" loading=\"lazy\" width=\"1024\" height=\"498\" src=\"http:\/\/ipoweb.bruxelles.be\/primdachsbeck\/wp-content\/uploads\/2019\/10\/20191022_1449163724170538329802400-1024x498.jpg\" alt=\"\" data-id=\"374\" data-link=\"http:\/\/ipoweb.bruxelles.be\/primdachsbeck\/?attachment_id=374\" class=\"wp-image-374\" srcset=\"https:\/\/ipoweb.bruxelles.be\/primdachsbeck\/wp-content\/uploads\/2019\/10\/20191022_1449163724170538329802400-1024x498.jpg 1024w, https:\/\/ipoweb.bruxelles.be\/primdachsbeck\/wp-content\/uploads\/2019\/10\/20191022_1449163724170538329802400-300x146.jpg 300w, https:\/\/ipoweb.bruxelles.be\/primdachsbeck\/wp-content\/uploads\/2019\/10\/20191022_1449163724170538329802400-768x373.jpg 768w\" sizes=\"(max-width: 1024px) 100vw, 1024px\" \/><\/figure><\/li><li class=\"blocks-gallery-item\"><figure><img decoding=\"async\" loading=\"lazy\" width=\"1024\" height=\"498\" src=\"http:\/\/ipoweb.bruxelles.be\/primdachsbeck\/wp-content\/uploads\/2019\/10\/20191022_1447004149194091829769327-1024x498.jpg\" alt=\"\" data-id=\"372\" data-link=\"http:\/\/ipoweb.bruxelles.be\/primdachsbeck\/?attachment_id=372\" class=\"wp-image-372\" srcset=\"https:\/\/ipoweb.bruxelles.be\/primdachsbeck\/wp-content\/uploads\/2019\/10\/20191022_1447004149194091829769327-1024x498.jpg 1024w, https:\/\/ipoweb.bruxelles.be\/primdachsbeck\/wp-content\/uploads\/2019\/10\/20191022_1447004149194091829769327-300x146.jpg 300w, https:\/\/ipoweb.bruxelles.be\/primdachsbeck\/wp-content\/uploads\/2019\/10\/20191022_1447004149194091829769327-768x373.jpg 768w\" sizes=\"(max-width: 1024px) 100vw, 1024px\" \/><\/figure><\/li><li class=\"blocks-gallery-item\"><figure><img decoding=\"async\" loading=\"lazy\" width=\"1024\" height=\"768\" src=\"http:\/\/ipoweb.bruxelles.be\/primdachsbeck\/wp-content\/uploads\/2019\/10\/img-20191022-wa00136163576782104225420-1024x768.jpg\" alt=\"\" data-id=\"371\" data-link=\"http:\/\/ipoweb.bruxelles.be\/primdachsbeck\/?attachment_id=371\" class=\"wp-image-371\" srcset=\"https:\/\/ipoweb.bruxelles.be\/primdachsbeck\/wp-content\/uploads\/2019\/10\/img-20191022-wa00136163576782104225420-1024x768.jpg 1024w, https:\/\/ipoweb.bruxelles.be\/primdachsbeck\/wp-content\/uploads\/2019\/10\/img-20191022-wa00136163576782104225420-300x225.jpg 300w, https:\/\/ipoweb.bruxelles.be\/primdachsbeck\/wp-content\/uploads\/2019\/10\/img-20191022-wa00136163576782104225420-768x576.jpg 768w, https:\/\/ipoweb.bruxelles.be\/primdachsbeck\/wp-content\/uploads\/2019\/10\/img-20191022-wa00136163576782104225420.jpg 1920w\" sizes=\"(max-width: 1024px) 100vw, 1024px\" \/><\/figure><\/li><li class=\"blocks-gallery-item\"><figure><img decoding=\"async\" loading=\"lazy\" width=\"1024\" height=\"498\" src=\"http:\/\/ipoweb.bruxelles.be\/primdachsbeck\/wp-content\/uploads\/2019\/10\/20191022_1509594112810108796744996-1024x498.jpg\" alt=\"\" data-id=\"369\" data-link=\"http:\/\/ipoweb.bruxelles.be\/primdachsbeck\/?attachment_id=369\" class=\"wp-image-369\" srcset=\"https:\/\/ipoweb.bruxelles.be\/primdachsbeck\/wp-content\/uploads\/2019\/10\/20191022_1509594112810108796744996-1024x498.jpg 1024w, https:\/\/ipoweb.bruxelles.be\/primdachsbeck\/wp-content\/uploads\/2019\/10\/20191022_1509594112810108796744996-300x146.jpg 300w, https:\/\/ipoweb.bruxelles.be\/primdachsbeck\/wp-content\/uploads\/2019\/10\/20191022_1509594112810108796744996-768x373.jpg 768w\" sizes=\"(max-width: 1024px) 100vw, 1024px\" \/><\/figure><\/li><li class=\"blocks-gallery-item\"><figure><img decoding=\"async\" loading=\"lazy\" width=\"1024\" height=\"768\" src=\"http:\/\/ipoweb.bruxelles.be\/primdachsbeck\/wp-content\/uploads\/2019\/10\/img-20191022-wa00163907736384212829538-1024x768.jpg\" alt=\"\" data-id=\"368\" data-link=\"http:\/\/ipoweb.bruxelles.be\/primdachsbeck\/?attachment_id=368\" class=\"wp-image-368\" srcset=\"https:\/\/ipoweb.bruxelles.be\/primdachsbeck\/wp-content\/uploads\/2019\/10\/img-20191022-wa00163907736384212829538-1024x768.jpg 1024w, https:\/\/ipoweb.bruxelles.be\/primdachsbeck\/wp-content\/uploads\/2019\/10\/img-20191022-wa00163907736384212829538-300x225.jpg 300w, https:\/\/ipoweb.bruxelles.be\/primdachsbeck\/wp-content\/uploads\/2019\/10\/img-20191022-wa00163907736384212829538-768x576.jpg 768w, https:\/\/ipoweb.bruxelles.be\/primdachsbeck\/wp-content\/uploads\/2019\/10\/img-20191022-wa00163907736384212829538.jpg 1920w\" sizes=\"(max-width: 1024px) 100vw, 1024px\" \/><\/figure><\/li><li class=\"blocks-gallery-item\"><figure><img decoding=\"async\" loading=\"lazy\" width=\"768\" height=\"1024\" src=\"http:\/\/ipoweb.bruxelles.be\/primdachsbeck\/wp-content\/uploads\/2019\/10\/img-20191022-wa0014473136374056105341-768x1024.jpg\" alt=\"\" data-id=\"370\" data-link=\"http:\/\/ipoweb.bruxelles.be\/primdachsbeck\/?attachment_id=370\" class=\"wp-image-370\" srcset=\"https:\/\/ipoweb.bruxelles.be\/primdachsbeck\/wp-content\/uploads\/2019\/10\/img-20191022-wa0014473136374056105341-768x1024.jpg 768w, https:\/\/ipoweb.bruxelles.be\/primdachsbeck\/wp-content\/uploads\/2019\/10\/img-20191022-wa0014473136374056105341-225x300.jpg 225w, https:\/\/ipoweb.bruxelles.be\/primdachsbeck\/wp-content\/uploads\/2019\/10\/img-20191022-wa0014473136374056105341.jpg 1440w\" sizes=\"(max-width: 768px) 100vw, 768px\" \/><\/figure><\/li><li class=\"blocks-gallery-item\"><figure><img decoding=\"async\" loading=\"lazy\" width=\"1024\" height=\"768\" src=\"http:\/\/ipoweb.bruxelles.be\/primdachsbeck\/wp-content\/uploads\/2019\/10\/img-20191022-wa00122276673739451717503-1024x768.jpg\" alt=\"\" data-id=\"366\" data-link=\"http:\/\/ipoweb.bruxelles.be\/primdachsbeck\/?attachment_id=366\" class=\"wp-image-366\" srcset=\"https:\/\/ipoweb.bruxelles.be\/primdachsbeck\/wp-content\/uploads\/2019\/10\/img-20191022-wa00122276673739451717503-1024x768.jpg 1024w, https:\/\/ipoweb.bruxelles.be\/primdachsbeck\/wp-content\/uploads\/2019\/10\/img-20191022-wa00122276673739451717503-300x225.jpg 300w, https:\/\/ipoweb.bruxelles.be\/primdachsbeck\/wp-content\/uploads\/2019\/10\/img-20191022-wa00122276673739451717503-768x576.jpg 768w, https:\/\/ipoweb.bruxelles.be\/primdachsbeck\/wp-content\/uploads\/2019\/10\/img-20191022-wa00122276673739451717503.jpg 1920w\" sizes=\"(max-width: 1024px) 100vw, 1024px\" \/><\/figure><\/li><\/ul>\n","protected":false},"excerpt":{"rendered":"<p>Ce mardi 23 octobre 2019, les P6 \u00e9taient de sortie au Stade Roi Baudouin. Ils ont particip\u00e9 \u00e0 de multiples \u00e9preuves autour de l&rsquo;athl\u00e9tisme !<\/p>\n","protected":false},"author":2,"featured_media":0,"comment_status":"closed","ping_status":"open","sticky":false,"template":"","format":"standard","meta":{"footnotes":""},"categories":[1],"tags":[],"jetpack_sharing_enabled":true,"jetpack_featured_media_url":"","_links":{"self":[{"href":"https:\/\/ipoweb.bruxelles.be\/primdachsbeck\/index.php?rest_route=\/wp\/v2\/posts\/375"}],"collection":[{"href":"https:\/\/ipoweb.bruxelles.be\/primdachsbeck\/index.php?rest_route=\/wp\/v2\/posts"}],"about":[{"href":"https:\/\/ipoweb.bruxelles.be\/primdachsbeck\/index.php?rest_route=\/wp\/v2\/types\/post"}],"author":[{"embeddable":true,"href":"https:\/\/ipoweb.bruxelles.be\/primdachsbeck\/index.php?rest_route=\/wp\/v2\/users\/2"}],"replies":[{"embeddable":true,"href":"https:\/\/ipoweb.bruxelles.be\/primdachsbeck\/index.php?rest_route=%2Fwp%2Fv2%2Fcomments&post=375"}],"version-history":[{"count":1,"href":"https:\/\/ipoweb.bruxelles.be\/primdachsbeck\/index.php?rest_route=\/wp\/v2\/posts\/375\/revisions"}],"predecessor-version":[{"id":376,"href":"https:\/\/ipoweb.bruxelles.be\/primdachsbeck\/index.php?rest_route=\/wp\/v2\/posts\/375\/revisions\/376"}],"wp:attachment":[{"href":"https:\/\/ipoweb.bruxelles.be\/primdachsbeck\/index.php?rest_route=%2Fwp%2Fv2%2Fmedia&parent=375"}],"wp:term":[{"taxonomy":"category","embeddable":true,"href":"https:\/\/ipoweb.bruxelles.be\/primdachsbeck\/index.php?rest_route=%2Fwp%2Fv2%2Fcategories&post=375"},{"taxonomy":"post_tag","embeddable":true,"href":"https:\/\/ipoweb.bruxelles.be\/primdachsbeck\/index.php?rest_route=%2Fwp%2Fv2%2Ftags&post=375"}],"curies":[{"name":"wp","href":"https:\/\/api.w.org\/{rel}","templated":true}]}}