{"id":420,"date":"2019-11-15T18:13:43","date_gmt":"2019-11-15T17:13:43","guid":{"rendered":"http:\/\/ipoweb.bruxelles.be\/primdachsbeck\/?p=420"},"modified":"2019-11-15T18:13:49","modified_gmt":"2019-11-15T17:13:49","slug":"bruegels-ketje-expo","status":"publish","type":"post","link":"https:\/\/ipoweb.bruxelles.be\/primdachsbeck\/?p=420","title":{"rendered":"Bruegel&rsquo;s Ketje Expo !"},"content":{"rendered":"\n<p>Ce vendredi 8 novembre, les \u00e9l\u00e8ves de 4\u00e8me et de 5\u00e8me se sont rendus au mus\u00e9e BELvue afin de pouvoir admirer les \u0153uvres des \u00e9coles bruxelloises sur la th\u00e9matique de Bruegel. <\/p>\n\n\n\n<p>Ils ont pu d\u00e9couvrir leurs propres r\u00e9alisations. Quelle fiert\u00e9 pour eux ! <\/p>\n\n\n\n<p>Ensuite, ils se sont rendus \u00e0 la galerie Ravenstein afin de battre le record de la plus longue fresque en auto-portrait (1 KM). <\/p>\n\n\n\n<p>Pas facile de dessiner son voisin en face avec la main gauche alors qu&rsquo;on est droitier!<\/p>\n\n\n\n<ul class=\"wp-block-gallery columns-3 is-cropped wp-block-gallery-1 is-layout-flex wp-block-gallery-is-layout-flex\"><li class=\"blocks-gallery-item\"><figure><img decoding=\"async\" loading=\"lazy\" width=\"768\" height=\"1024\" src=\"http:\/\/ipoweb.bruxelles.be\/primdachsbeck\/wp-content\/uploads\/2019\/11\/img-20191114-wa00321151451677481098177-768x1024.jpg\" alt=\"\" data-id=\"409\" data-link=\"http:\/\/ipoweb.bruxelles.be\/primdachsbeck\/?attachment_id=409\" class=\"wp-image-409\" srcset=\"https:\/\/ipoweb.bruxelles.be\/primdachsbeck\/wp-content\/uploads\/2019\/11\/img-20191114-wa00321151451677481098177-768x1024.jpg 768w, https:\/\/ipoweb.bruxelles.be\/primdachsbeck\/wp-content\/uploads\/2019\/11\/img-20191114-wa00321151451677481098177-225x300.jpg 225w, https:\/\/ipoweb.bruxelles.be\/primdachsbeck\/wp-content\/uploads\/2019\/11\/img-20191114-wa00321151451677481098177.jpg 1440w\" sizes=\"(max-width: 768px) 100vw, 768px\" \/><\/figure><\/li><li class=\"blocks-gallery-item\"><figure><img decoding=\"async\" loading=\"lazy\" width=\"768\" height=\"1024\" src=\"http:\/\/ipoweb.bruxelles.be\/primdachsbeck\/wp-content\/uploads\/2019\/11\/img-20191108-wa00486933648181048208788-768x1024.jpg\" alt=\"\" data-id=\"418\" data-link=\"http:\/\/ipoweb.bruxelles.be\/primdachsbeck\/?attachment_id=418\" class=\"wp-image-418\" srcset=\"https:\/\/ipoweb.bruxelles.be\/primdachsbeck\/wp-content\/uploads\/2019\/11\/img-20191108-wa00486933648181048208788.jpg 768w, https:\/\/ipoweb.bruxelles.be\/primdachsbeck\/wp-content\/uploads\/2019\/11\/img-20191108-wa00486933648181048208788-225x300.jpg 225w\" sizes=\"(max-width: 768px) 100vw, 768px\" \/><\/figure><\/li><li class=\"blocks-gallery-item\"><figure><img decoding=\"async\" loading=\"lazy\" width=\"1024\" height=\"768\" src=\"http:\/\/ipoweb.bruxelles.be\/primdachsbeck\/wp-content\/uploads\/2019\/11\/img-20191108-wa00498987583139337726174-1024x768.jpg\" alt=\"\" data-id=\"419\" data-link=\"http:\/\/ipoweb.bruxelles.be\/primdachsbeck\/?attachment_id=419\" class=\"wp-image-419\" srcset=\"https:\/\/ipoweb.bruxelles.be\/primdachsbeck\/wp-content\/uploads\/2019\/11\/img-20191108-wa00498987583139337726174.jpg 1024w, https:\/\/ipoweb.bruxelles.be\/primdachsbeck\/wp-content\/uploads\/2019\/11\/img-20191108-wa00498987583139337726174-300x225.jpg 300w, https:\/\/ipoweb.bruxelles.be\/primdachsbeck\/wp-content\/uploads\/2019\/11\/img-20191108-wa00498987583139337726174-768x576.jpg 768w\" sizes=\"(max-width: 1024px) 100vw, 1024px\" \/><\/figure><\/li><li class=\"blocks-gallery-item\"><figure><img decoding=\"async\" loading=\"lazy\" width=\"768\" height=\"1024\" src=\"http:\/\/ipoweb.bruxelles.be\/primdachsbeck\/wp-content\/uploads\/2019\/11\/img-20191114-wa00303036511974609846236-768x1024.jpg\" alt=\"\" data-id=\"410\" data-link=\"http:\/\/ipoweb.bruxelles.be\/primdachsbeck\/?attachment_id=410\" class=\"wp-image-410\" srcset=\"https:\/\/ipoweb.bruxelles.be\/primdachsbeck\/wp-content\/uploads\/2019\/11\/img-20191114-wa00303036511974609846236-768x1024.jpg 768w, https:\/\/ipoweb.bruxelles.be\/primdachsbeck\/wp-content\/uploads\/2019\/11\/img-20191114-wa00303036511974609846236-225x300.jpg 225w, https:\/\/ipoweb.bruxelles.be\/primdachsbeck\/wp-content\/uploads\/2019\/11\/img-20191114-wa00303036511974609846236.jpg 1440w\" sizes=\"(max-width: 768px) 100vw, 768px\" \/><\/figure><\/li><li class=\"blocks-gallery-item\"><figure><img decoding=\"async\" loading=\"lazy\" width=\"768\" height=\"1024\" src=\"http:\/\/ipoweb.bruxelles.be\/primdachsbeck\/wp-content\/uploads\/2019\/11\/img-20191108-wa0054604651969083501521-768x1024.jpg\" alt=\"\" data-id=\"416\" data-link=\"http:\/\/ipoweb.bruxelles.be\/primdachsbeck\/?attachment_id=416\" class=\"wp-image-416\" srcset=\"https:\/\/ipoweb.bruxelles.be\/primdachsbeck\/wp-content\/uploads\/2019\/11\/img-20191108-wa0054604651969083501521.jpg 768w, https:\/\/ipoweb.bruxelles.be\/primdachsbeck\/wp-content\/uploads\/2019\/11\/img-20191108-wa0054604651969083501521-225x300.jpg 225w\" sizes=\"(max-width: 768px) 100vw, 768px\" \/><\/figure><\/li><li class=\"blocks-gallery-item\"><figure><img decoding=\"async\" loading=\"lazy\" width=\"768\" height=\"1024\" src=\"http:\/\/ipoweb.bruxelles.be\/primdachsbeck\/wp-content\/uploads\/2019\/11\/img-20191114-wa0031828665005265739416-768x1024.jpg\" alt=\"\" data-id=\"408\" data-link=\"http:\/\/ipoweb.bruxelles.be\/primdachsbeck\/?attachment_id=408\" class=\"wp-image-408\" srcset=\"https:\/\/ipoweb.bruxelles.be\/primdachsbeck\/wp-content\/uploads\/2019\/11\/img-20191114-wa0031828665005265739416-768x1024.jpg 768w, https:\/\/ipoweb.bruxelles.be\/primdachsbeck\/wp-content\/uploads\/2019\/11\/img-20191114-wa0031828665005265739416-225x300.jpg 225w, https:\/\/ipoweb.bruxelles.be\/primdachsbeck\/wp-content\/uploads\/2019\/11\/img-20191114-wa0031828665005265739416.jpg 1440w\" sizes=\"(max-width: 768px) 100vw, 768px\" \/><\/figure><\/li><li class=\"blocks-gallery-item\"><figure><img decoding=\"async\" loading=\"lazy\" width=\"768\" height=\"1024\" src=\"http:\/\/ipoweb.bruxelles.be\/primdachsbeck\/wp-content\/uploads\/2019\/11\/img-20191114-wa00368361933078144745585-768x1024.jpg\" alt=\"\" data-id=\"407\" data-link=\"http:\/\/ipoweb.bruxelles.be\/primdachsbeck\/?attachment_id=407\" class=\"wp-image-407\" srcset=\"https:\/\/ipoweb.bruxelles.be\/primdachsbeck\/wp-content\/uploads\/2019\/11\/img-20191114-wa00368361933078144745585-768x1024.jpg 768w, https:\/\/ipoweb.bruxelles.be\/primdachsbeck\/wp-content\/uploads\/2019\/11\/img-20191114-wa00368361933078144745585-225x300.jpg 225w, https:\/\/ipoweb.bruxelles.be\/primdachsbeck\/wp-content\/uploads\/2019\/11\/img-20191114-wa00368361933078144745585.jpg 1440w\" sizes=\"(max-width: 768px) 100vw, 768px\" \/><\/figure><\/li><li class=\"blocks-gallery-item\"><figure><img decoding=\"async\" loading=\"lazy\" width=\"768\" height=\"1024\" src=\"http:\/\/ipoweb.bruxelles.be\/primdachsbeck\/wp-content\/uploads\/2019\/11\/img-20191108-wa00535487784314877813301-768x1024.jpg\" alt=\"\" data-id=\"414\" data-link=\"http:\/\/ipoweb.bruxelles.be\/primdachsbeck\/?attachment_id=414\" class=\"wp-image-414\" srcset=\"https:\/\/ipoweb.bruxelles.be\/primdachsbeck\/wp-content\/uploads\/2019\/11\/img-20191108-wa00535487784314877813301.jpg 768w, https:\/\/ipoweb.bruxelles.be\/primdachsbeck\/wp-content\/uploads\/2019\/11\/img-20191108-wa00535487784314877813301-225x300.jpg 225w\" sizes=\"(max-width: 768px) 100vw, 768px\" \/><\/figure><\/li><li class=\"blocks-gallery-item\"><figure><img decoding=\"async\" loading=\"lazy\" width=\"768\" height=\"1024\" src=\"http:\/\/ipoweb.bruxelles.be\/primdachsbeck\/wp-content\/uploads\/2019\/11\/img-20191108-wa00444736217595499297144-768x1024.jpg\" alt=\"\" data-id=\"415\" data-link=\"http:\/\/ipoweb.bruxelles.be\/primdachsbeck\/?attachment_id=415\" class=\"wp-image-415\" srcset=\"https:\/\/ipoweb.bruxelles.be\/primdachsbeck\/wp-content\/uploads\/2019\/11\/img-20191108-wa00444736217595499297144.jpg 768w, https:\/\/ipoweb.bruxelles.be\/primdachsbeck\/wp-content\/uploads\/2019\/11\/img-20191108-wa00444736217595499297144-225x300.jpg 225w\" sizes=\"(max-width: 768px) 100vw, 768px\" \/><\/figure><\/li><li class=\"blocks-gallery-item\"><figure><img decoding=\"async\" loading=\"lazy\" width=\"768\" height=\"1024\" src=\"http:\/\/ipoweb.bruxelles.be\/primdachsbeck\/wp-content\/uploads\/2019\/11\/img-20191114-wa00354089973339089360567-768x1024.jpg\" alt=\"\" data-id=\"406\" data-link=\"http:\/\/ipoweb.bruxelles.be\/primdachsbeck\/?attachment_id=406\" class=\"wp-image-406\" srcset=\"https:\/\/ipoweb.bruxelles.be\/primdachsbeck\/wp-content\/uploads\/2019\/11\/img-20191114-wa00354089973339089360567-768x1024.jpg 768w, https:\/\/ipoweb.bruxelles.be\/primdachsbeck\/wp-content\/uploads\/2019\/11\/img-20191114-wa00354089973339089360567-225x300.jpg 225w, https:\/\/ipoweb.bruxelles.be\/primdachsbeck\/wp-content\/uploads\/2019\/11\/img-20191114-wa00354089973339089360567.jpg 1440w\" sizes=\"(max-width: 768px) 100vw, 768px\" \/><\/figure><\/li><li class=\"blocks-gallery-item\"><figure><img decoding=\"async\" loading=\"lazy\" width=\"768\" height=\"1024\" src=\"http:\/\/ipoweb.bruxelles.be\/primdachsbeck\/wp-content\/uploads\/2019\/11\/img-20191114-wa00372024192127534048931-768x1024.jpg\" alt=\"\" data-id=\"405\" data-link=\"http:\/\/ipoweb.bruxelles.be\/primdachsbeck\/?attachment_id=405\" class=\"wp-image-405\" srcset=\"https:\/\/ipoweb.bruxelles.be\/primdachsbeck\/wp-content\/uploads\/2019\/11\/img-20191114-wa00372024192127534048931-768x1024.jpg 768w, https:\/\/ipoweb.bruxelles.be\/primdachsbeck\/wp-content\/uploads\/2019\/11\/img-20191114-wa00372024192127534048931-225x300.jpg 225w, https:\/\/ipoweb.bruxelles.be\/primdachsbeck\/wp-content\/uploads\/2019\/11\/img-20191114-wa00372024192127534048931.jpg 1440w\" sizes=\"(max-width: 768px) 100vw, 768px\" \/><\/figure><\/li><li class=\"blocks-gallery-item\"><figure><img decoding=\"async\" loading=\"lazy\" width=\"768\" height=\"1024\" src=\"http:\/\/ipoweb.bruxelles.be\/primdachsbeck\/wp-content\/uploads\/2019\/11\/img-20191108-wa00502365760872179299852-768x1024.jpg\" alt=\"\" data-id=\"417\" data-link=\"http:\/\/ipoweb.bruxelles.be\/primdachsbeck\/?attachment_id=417\" class=\"wp-image-417\" srcset=\"https:\/\/ipoweb.bruxelles.be\/primdachsbeck\/wp-content\/uploads\/2019\/11\/img-20191108-wa00502365760872179299852.jpg 768w, https:\/\/ipoweb.bruxelles.be\/primdachsbeck\/wp-content\/uploads\/2019\/11\/img-20191108-wa00502365760872179299852-225x300.jpg 225w\" sizes=\"(max-width: 768px) 100vw, 768px\" \/><\/figure><\/li><li class=\"blocks-gallery-item\"><figure><img decoding=\"async\" loading=\"lazy\" width=\"768\" height=\"1024\" src=\"http:\/\/ipoweb.bruxelles.be\/primdachsbeck\/wp-content\/uploads\/2019\/11\/img-20191108-wa00451762492880689399082-768x1024.jpg\" alt=\"\" data-id=\"413\" data-link=\"http:\/\/ipoweb.bruxelles.be\/primdachsbeck\/?attachment_id=413\" class=\"wp-image-413\" srcset=\"https:\/\/ipoweb.bruxelles.be\/primdachsbeck\/wp-content\/uploads\/2019\/11\/img-20191108-wa00451762492880689399082.jpg 768w, https:\/\/ipoweb.bruxelles.be\/primdachsbeck\/wp-content\/uploads\/2019\/11\/img-20191108-wa00451762492880689399082-225x300.jpg 225w\" sizes=\"(max-width: 768px) 100vw, 768px\" \/><\/figure><\/li><li class=\"blocks-gallery-item\"><figure><img decoding=\"async\" loading=\"lazy\" width=\"768\" height=\"1024\" src=\"http:\/\/ipoweb.bruxelles.be\/primdachsbeck\/wp-content\/uploads\/2019\/11\/img-20191114-wa0038774148079262927951-768x1024.jpg\" alt=\"\" data-id=\"404\" data-link=\"http:\/\/ipoweb.bruxelles.be\/primdachsbeck\/?attachment_id=404\" class=\"wp-image-404\" srcset=\"https:\/\/ipoweb.bruxelles.be\/primdachsbeck\/wp-content\/uploads\/2019\/11\/img-20191114-wa0038774148079262927951-768x1024.jpg 768w, https:\/\/ipoweb.bruxelles.be\/primdachsbeck\/wp-content\/uploads\/2019\/11\/img-20191114-wa0038774148079262927951-225x300.jpg 225w, https:\/\/ipoweb.bruxelles.be\/primdachsbeck\/wp-content\/uploads\/2019\/11\/img-20191114-wa0038774148079262927951.jpg 1440w\" sizes=\"(max-width: 768px) 100vw, 768px\" \/><\/figure><\/li><li class=\"blocks-gallery-item\"><figure><img decoding=\"async\" loading=\"lazy\" width=\"768\" height=\"1024\" src=\"http:\/\/ipoweb.bruxelles.be\/primdachsbeck\/wp-content\/uploads\/2019\/11\/img-20191114-wa00259071644124079573010-768x1024.jpg\" alt=\"\" data-id=\"403\" data-link=\"http:\/\/ipoweb.bruxelles.be\/primdachsbeck\/?attachment_id=403\" class=\"wp-image-403\" srcset=\"https:\/\/ipoweb.bruxelles.be\/primdachsbeck\/wp-content\/uploads\/2019\/11\/img-20191114-wa00259071644124079573010-768x1024.jpg 768w, https:\/\/ipoweb.bruxelles.be\/primdachsbeck\/wp-content\/uploads\/2019\/11\/img-20191114-wa00259071644124079573010-225x300.jpg 225w, https:\/\/ipoweb.bruxelles.be\/primdachsbeck\/wp-content\/uploads\/2019\/11\/img-20191114-wa00259071644124079573010.jpg 1440w\" sizes=\"(max-width: 768px) 100vw, 768px\" \/><\/figure><\/li><li class=\"blocks-gallery-item\"><figure><img decoding=\"async\" loading=\"lazy\" width=\"768\" height=\"1024\" src=\"http:\/\/ipoweb.bruxelles.be\/primdachsbeck\/wp-content\/uploads\/2019\/11\/img-20191108-wa00475266774185171725915-768x1024.jpg\" alt=\"\" data-id=\"412\" data-link=\"http:\/\/ipoweb.bruxelles.be\/primdachsbeck\/?attachment_id=412\" class=\"wp-image-412\" srcset=\"https:\/\/ipoweb.bruxelles.be\/primdachsbeck\/wp-content\/uploads\/2019\/11\/img-20191108-wa00475266774185171725915.jpg 768w, https:\/\/ipoweb.bruxelles.be\/primdachsbeck\/wp-content\/uploads\/2019\/11\/img-20191108-wa00475266774185171725915-225x300.jpg 225w\" sizes=\"(max-width: 768px) 100vw, 768px\" \/><\/figure><\/li><li class=\"blocks-gallery-item\"><figure><img decoding=\"async\" loading=\"lazy\" width=\"768\" height=\"1024\" src=\"http:\/\/ipoweb.bruxelles.be\/primdachsbeck\/wp-content\/uploads\/2019\/11\/img-20191108-wa0056498696018592168920-768x1024.jpg\" alt=\"\" data-id=\"411\" data-link=\"http:\/\/ipoweb.bruxelles.be\/primdachsbeck\/?attachment_id=411\" class=\"wp-image-411\" srcset=\"https:\/\/ipoweb.bruxelles.be\/primdachsbeck\/wp-content\/uploads\/2019\/11\/img-20191108-wa0056498696018592168920.jpg 768w, https:\/\/ipoweb.bruxelles.be\/primdachsbeck\/wp-content\/uploads\/2019\/11\/img-20191108-wa0056498696018592168920-225x300.jpg 225w\" sizes=\"(max-width: 768px) 100vw, 768px\" \/><\/figure><\/li><li class=\"blocks-gallery-item\"><figure><img decoding=\"async\" loading=\"lazy\" width=\"768\" height=\"1024\" src=\"http:\/\/ipoweb.bruxelles.be\/primdachsbeck\/wp-content\/uploads\/2019\/11\/img-20191114-wa00274512531305202317568-768x1024.jpg\" alt=\"\" data-id=\"402\" data-link=\"http:\/\/ipoweb.bruxelles.be\/primdachsbeck\/?attachment_id=402\" class=\"wp-image-402\" srcset=\"https:\/\/ipoweb.bruxelles.be\/primdachsbeck\/wp-content\/uploads\/2019\/11\/img-20191114-wa00274512531305202317568-768x1024.jpg 768w, https:\/\/ipoweb.bruxelles.be\/primdachsbeck\/wp-content\/uploads\/2019\/11\/img-20191114-wa00274512531305202317568-225x300.jpg 225w, https:\/\/ipoweb.bruxelles.be\/primdachsbeck\/wp-content\/uploads\/2019\/11\/img-20191114-wa00274512531305202317568.jpg 1440w\" sizes=\"(max-width: 768px) 100vw, 768px\" \/><\/figure><\/li><\/ul>\n","protected":false},"excerpt":{"rendered":"<p>Ce vendredi 8 novembre, les \u00e9l\u00e8ves de 4\u00e8me et de 5\u00e8me se sont rendus au mus\u00e9e BELvue afin de pouvoir admirer les \u0153uvres des \u00e9coles bruxelloises sur la th\u00e9matique de Bruegel. Ils ont pu d\u00e9couvrir leurs propres r\u00e9alisations. Quelle fiert\u00e9 pour eux ! Ensuite, ils se sont rendus \u00e0 la galerie Ravenstein afin de battre [&hellip;]<\/p>\n","protected":false},"author":2,"featured_media":0,"comment_status":"closed","ping_status":"open","sticky":false,"template":"","format":"standard","meta":{"footnotes":""},"categories":[1],"tags":[],"jetpack_sharing_enabled":true,"jetpack_featured_media_url":"","_links":{"self":[{"href":"https:\/\/ipoweb.bruxelles.be\/primdachsbeck\/index.php?rest_route=\/wp\/v2\/posts\/420"}],"collection":[{"href":"https:\/\/ipoweb.bruxelles.be\/primdachsbeck\/index.php?rest_route=\/wp\/v2\/posts"}],"about":[{"href":"https:\/\/ipoweb.bruxelles.be\/primdachsbeck\/index.php?rest_route=\/wp\/v2\/types\/post"}],"author":[{"embeddable":true,"href":"https:\/\/ipoweb.bruxelles.be\/primdachsbeck\/index.php?rest_route=\/wp\/v2\/users\/2"}],"replies":[{"embeddable":true,"href":"https:\/\/ipoweb.bruxelles.be\/primdachsbeck\/index.php?rest_route=%2Fwp%2Fv2%2Fcomments&post=420"}],"version-history":[{"count":1,"href":"https:\/\/ipoweb.bruxelles.be\/primdachsbeck\/index.php?rest_route=\/wp\/v2\/posts\/420\/revisions"}],"predecessor-version":[{"id":421,"href":"https:\/\/ipoweb.bruxelles.be\/primdachsbeck\/index.php?rest_route=\/wp\/v2\/posts\/420\/revisions\/421"}],"wp:attachment":[{"href":"https:\/\/ipoweb.bruxelles.be\/primdachsbeck\/index.php?rest_route=%2Fwp%2Fv2%2Fmedia&parent=420"}],"wp:term":[{"taxonomy":"category","embeddable":true,"href":"https:\/\/ipoweb.bruxelles.be\/primdachsbeck\/index.php?rest_route=%2Fwp%2Fv2%2Fcategories&post=420"},{"taxonomy":"post_tag","embeddable":true,"href":"https:\/\/ipoweb.bruxelles.be\/primdachsbeck\/index.php?rest_route=%2Fwp%2Fv2%2Ftags&post=420"}],"curies":[{"name":"wp","href":"https:\/\/api.w.org\/{rel}","templated":true}]}}