{"id":422,"date":"2019-12-20T14:52:08","date_gmt":"2019-12-20T13:52:08","guid":{"rendered":"http:\/\/ipoweb.bruxelles.be\/primdachsbeck\/?p=422"},"modified":"2019-12-20T14:52:15","modified_gmt":"2019-12-20T13:52:15","slug":"shoe-box-dachsbeck-se-mobilise","status":"publish","type":"post","link":"https:\/\/ipoweb.bruxelles.be\/primdachsbeck\/?p=422","title":{"rendered":"Shoe Box &#8211; Dachsbeck se mobilise !"},"content":{"rendered":"\n<p>Ces derniers jours, un bel esprit de solidarit\u00e9 pour les plus d\u00e9munis a anim\u00e9 les \u00e9l\u00e8ves de l&rsquo;\u00e9cole. Nous avons, en effet, particip\u00e9 \u00e0 l&rsquo;op\u00e9ration \u00ab\u00a0Shoe Box\u00a0\u00bb qui consistait \u00e0 r\u00e9colter des vivres non p\u00e9rissables !<\/p>\n\n\n\n<p>Nous avons ainsi r\u00e9colt\u00e9 des centaines de bo\u00eetes ! Un grand bravo \u00e0 tous les enfants, l&rsquo;\u00e9quipe \u00e9ducative et aux parents !<\/p>\n\n\n\n<ul class=\"wp-block-gallery columns-3 is-cropped wp-block-gallery-1 is-layout-flex wp-block-gallery-is-layout-flex\"><li class=\"blocks-gallery-item\"><figure><img decoding=\"async\" loading=\"lazy\" width=\"750\" height=\"305\" src=\"http:\/\/ipoweb.bruxelles.be\/primdachsbeck\/wp-content\/uploads\/2019\/12\/WhatsApp-Image-2019-12-17-at-10.04.482.jpeg\" alt=\"\" data-id=\"423\" data-link=\"http:\/\/ipoweb.bruxelles.be\/primdachsbeck\/?attachment_id=423\" class=\"wp-image-423\" srcset=\"https:\/\/ipoweb.bruxelles.be\/primdachsbeck\/wp-content\/uploads\/2019\/12\/WhatsApp-Image-2019-12-17-at-10.04.482.jpeg 750w, https:\/\/ipoweb.bruxelles.be\/primdachsbeck\/wp-content\/uploads\/2019\/12\/WhatsApp-Image-2019-12-17-at-10.04.482-300x122.jpeg 300w\" sizes=\"(max-width: 750px) 100vw, 750px\" \/><\/figure><\/li><li class=\"blocks-gallery-item\"><figure><img decoding=\"async\" loading=\"lazy\" width=\"1024\" height=\"768\" src=\"http:\/\/ipoweb.bruxelles.be\/primdachsbeck\/wp-content\/uploads\/2019\/12\/WhatsApp-Image-2019-12-16-at-15.31.451-1024x768.jpeg\" alt=\"\" data-id=\"424\" data-link=\"http:\/\/ipoweb.bruxelles.be\/primdachsbeck\/?attachment_id=424\" class=\"wp-image-424\" srcset=\"https:\/\/ipoweb.bruxelles.be\/primdachsbeck\/wp-content\/uploads\/2019\/12\/WhatsApp-Image-2019-12-16-at-15.31.451.jpeg 1024w, https:\/\/ipoweb.bruxelles.be\/primdachsbeck\/wp-content\/uploads\/2019\/12\/WhatsApp-Image-2019-12-16-at-15.31.451-300x225.jpeg 300w, https:\/\/ipoweb.bruxelles.be\/primdachsbeck\/wp-content\/uploads\/2019\/12\/WhatsApp-Image-2019-12-16-at-15.31.451-768x576.jpeg 768w\" sizes=\"(max-width: 1024px) 100vw, 1024px\" \/><\/figure><\/li><li class=\"blocks-gallery-item\"><figure><img decoding=\"async\" loading=\"lazy\" width=\"1024\" height=\"768\" src=\"http:\/\/ipoweb.bruxelles.be\/primdachsbeck\/wp-content\/uploads\/2019\/12\/WhatsApp-Image-2019-12-17-at-11.23.561-1024x768.jpeg\" alt=\"\" data-id=\"425\" data-link=\"http:\/\/ipoweb.bruxelles.be\/primdachsbeck\/?attachment_id=425\" class=\"wp-image-425\" srcset=\"https:\/\/ipoweb.bruxelles.be\/primdachsbeck\/wp-content\/uploads\/2019\/12\/WhatsApp-Image-2019-12-17-at-11.23.561.jpeg 1024w, https:\/\/ipoweb.bruxelles.be\/primdachsbeck\/wp-content\/uploads\/2019\/12\/WhatsApp-Image-2019-12-17-at-11.23.561-300x225.jpeg 300w, https:\/\/ipoweb.bruxelles.be\/primdachsbeck\/wp-content\/uploads\/2019\/12\/WhatsApp-Image-2019-12-17-at-11.23.561-768x576.jpeg 768w\" sizes=\"(max-width: 1024px) 100vw, 1024px\" \/><\/figure><\/li><li class=\"blocks-gallery-item\"><figure><img decoding=\"async\" loading=\"lazy\" width=\"1024\" height=\"576\" src=\"http:\/\/ipoweb.bruxelles.be\/primdachsbeck\/wp-content\/uploads\/2019\/12\/WhatsApp-Image-2019-12-17-at-11.42.281-1024x576.jpeg\" alt=\"\" data-id=\"426\" data-link=\"http:\/\/ipoweb.bruxelles.be\/primdachsbeck\/?attachment_id=426\" class=\"wp-image-426\" srcset=\"https:\/\/ipoweb.bruxelles.be\/primdachsbeck\/wp-content\/uploads\/2019\/12\/WhatsApp-Image-2019-12-17-at-11.42.281-1024x576.jpeg 1024w, https:\/\/ipoweb.bruxelles.be\/primdachsbeck\/wp-content\/uploads\/2019\/12\/WhatsApp-Image-2019-12-17-at-11.42.281-300x169.jpeg 300w, https:\/\/ipoweb.bruxelles.be\/primdachsbeck\/wp-content\/uploads\/2019\/12\/WhatsApp-Image-2019-12-17-at-11.42.281-768x432.jpeg 768w, https:\/\/ipoweb.bruxelles.be\/primdachsbeck\/wp-content\/uploads\/2019\/12\/WhatsApp-Image-2019-12-17-at-11.42.281.jpeg 1919w\" sizes=\"(max-width: 1024px) 100vw, 1024px\" \/><\/figure><\/li><li class=\"blocks-gallery-item\"><figure><img decoding=\"async\" loading=\"lazy\" width=\"1024\" height=\"576\" src=\"http:\/\/ipoweb.bruxelles.be\/primdachsbeck\/wp-content\/uploads\/2019\/12\/WhatsApp-Image-2019-12-17-at-11.44.081-1024x576.jpeg\" alt=\"\" data-id=\"427\" data-link=\"http:\/\/ipoweb.bruxelles.be\/primdachsbeck\/?attachment_id=427\" class=\"wp-image-427\" srcset=\"https:\/\/ipoweb.bruxelles.be\/primdachsbeck\/wp-content\/uploads\/2019\/12\/WhatsApp-Image-2019-12-17-at-11.44.081-1024x576.jpeg 1024w, https:\/\/ipoweb.bruxelles.be\/primdachsbeck\/wp-content\/uploads\/2019\/12\/WhatsApp-Image-2019-12-17-at-11.44.081-300x169.jpeg 300w, https:\/\/ipoweb.bruxelles.be\/primdachsbeck\/wp-content\/uploads\/2019\/12\/WhatsApp-Image-2019-12-17-at-11.44.081-768x432.jpeg 768w, https:\/\/ipoweb.bruxelles.be\/primdachsbeck\/wp-content\/uploads\/2019\/12\/WhatsApp-Image-2019-12-17-at-11.44.081.jpeg 1919w\" sizes=\"(max-width: 1024px) 100vw, 1024px\" \/><\/figure><\/li><li class=\"blocks-gallery-item\"><figure><img decoding=\"async\" loading=\"lazy\" width=\"1024\" height=\"768\" src=\"http:\/\/ipoweb.bruxelles.be\/primdachsbeck\/wp-content\/uploads\/2019\/12\/WhatsApp-Image-2019-12-17-at-16.29.38-1024x768.jpeg\" alt=\"\" data-id=\"428\" data-link=\"http:\/\/ipoweb.bruxelles.be\/primdachsbeck\/?attachment_id=428\" class=\"wp-image-428\" srcset=\"https:\/\/ipoweb.bruxelles.be\/primdachsbeck\/wp-content\/uploads\/2019\/12\/WhatsApp-Image-2019-12-17-at-16.29.38-1024x768.jpeg 1024w, https:\/\/ipoweb.bruxelles.be\/primdachsbeck\/wp-content\/uploads\/2019\/12\/WhatsApp-Image-2019-12-17-at-16.29.38-300x225.jpeg 300w, https:\/\/ipoweb.bruxelles.be\/primdachsbeck\/wp-content\/uploads\/2019\/12\/WhatsApp-Image-2019-12-17-at-16.29.38-768x576.jpeg 768w, https:\/\/ipoweb.bruxelles.be\/primdachsbeck\/wp-content\/uploads\/2019\/12\/WhatsApp-Image-2019-12-17-at-16.29.38.jpeg 1920w\" sizes=\"(max-width: 1024px) 100vw, 1024px\" \/><\/figure><\/li><li class=\"blocks-gallery-item\"><figure><img decoding=\"async\" loading=\"lazy\" width=\"1024\" height=\"768\" src=\"http:\/\/ipoweb.bruxelles.be\/primdachsbeck\/wp-content\/uploads\/2019\/12\/WhatsApp-Image-2019-12-19-at-10.30.10-1024x768.jpeg\" alt=\"\" data-id=\"429\" data-link=\"http:\/\/ipoweb.bruxelles.be\/primdachsbeck\/?attachment_id=429\" class=\"wp-image-429\" srcset=\"https:\/\/ipoweb.bruxelles.be\/primdachsbeck\/wp-content\/uploads\/2019\/12\/WhatsApp-Image-2019-12-19-at-10.30.10-1024x768.jpeg 1024w, https:\/\/ipoweb.bruxelles.be\/primdachsbeck\/wp-content\/uploads\/2019\/12\/WhatsApp-Image-2019-12-19-at-10.30.10-300x225.jpeg 300w, https:\/\/ipoweb.bruxelles.be\/primdachsbeck\/wp-content\/uploads\/2019\/12\/WhatsApp-Image-2019-12-19-at-10.30.10-768x576.jpeg 768w, https:\/\/ipoweb.bruxelles.be\/primdachsbeck\/wp-content\/uploads\/2019\/12\/WhatsApp-Image-2019-12-19-at-10.30.10.jpeg 1920w\" sizes=\"(max-width: 1024px) 100vw, 1024px\" \/><\/figure><\/li><li class=\"blocks-gallery-item\"><figure><img decoding=\"async\" loading=\"lazy\" width=\"1024\" height=\"768\" src=\"http:\/\/ipoweb.bruxelles.be\/primdachsbeck\/wp-content\/uploads\/2019\/12\/WhatsApp-Image-2019-12-17-at-13.35.571-1024x768.jpeg\" alt=\"\" data-id=\"430\" data-link=\"http:\/\/ipoweb.bruxelles.be\/primdachsbeck\/?attachment_id=430\" class=\"wp-image-430\" srcset=\"https:\/\/ipoweb.bruxelles.be\/primdachsbeck\/wp-content\/uploads\/2019\/12\/WhatsApp-Image-2019-12-17-at-13.35.571-1024x768.jpeg 1024w, https:\/\/ipoweb.bruxelles.be\/primdachsbeck\/wp-content\/uploads\/2019\/12\/WhatsApp-Image-2019-12-17-at-13.35.571-300x225.jpeg 300w, https:\/\/ipoweb.bruxelles.be\/primdachsbeck\/wp-content\/uploads\/2019\/12\/WhatsApp-Image-2019-12-17-at-13.35.571-768x576.jpeg 768w, https:\/\/ipoweb.bruxelles.be\/primdachsbeck\/wp-content\/uploads\/2019\/12\/WhatsApp-Image-2019-12-17-at-13.35.571.jpeg 1919w\" sizes=\"(max-width: 1024px) 100vw, 1024px\" \/><\/figure><\/li><li class=\"blocks-gallery-item\"><figure><img decoding=\"async\" loading=\"lazy\" width=\"768\" height=\"1024\" src=\"http:\/\/ipoweb.bruxelles.be\/primdachsbeck\/wp-content\/uploads\/2019\/12\/WhatsApp-Image-2019-12-17-at-16.59.531-768x1024.jpeg\" alt=\"\" data-id=\"431\" data-link=\"http:\/\/ipoweb.bruxelles.be\/primdachsbeck\/?attachment_id=431\" class=\"wp-image-431\" srcset=\"https:\/\/ipoweb.bruxelles.be\/primdachsbeck\/wp-content\/uploads\/2019\/12\/WhatsApp-Image-2019-12-17-at-16.59.531-768x1024.jpeg 768w, https:\/\/ipoweb.bruxelles.be\/primdachsbeck\/wp-content\/uploads\/2019\/12\/WhatsApp-Image-2019-12-17-at-16.59.531-225x300.jpeg 225w, https:\/\/ipoweb.bruxelles.be\/primdachsbeck\/wp-content\/uploads\/2019\/12\/WhatsApp-Image-2019-12-17-at-16.59.531.jpeg 1440w\" sizes=\"(max-width: 768px) 100vw, 768px\" \/><\/figure><\/li><li class=\"blocks-gallery-item\"><figure><img decoding=\"async\" loading=\"lazy\" width=\"1024\" height=\"768\" src=\"http:\/\/ipoweb.bruxelles.be\/primdachsbeck\/wp-content\/uploads\/2019\/12\/WhatsApp-Image-2019-12-17-at-16.59.53-1024x768.jpeg\" alt=\"\" data-id=\"432\" data-link=\"http:\/\/ipoweb.bruxelles.be\/primdachsbeck\/?attachment_id=432\" class=\"wp-image-432\" srcset=\"https:\/\/ipoweb.bruxelles.be\/primdachsbeck\/wp-content\/uploads\/2019\/12\/WhatsApp-Image-2019-12-17-at-16.59.53-1024x768.jpeg 1024w, https:\/\/ipoweb.bruxelles.be\/primdachsbeck\/wp-content\/uploads\/2019\/12\/WhatsApp-Image-2019-12-17-at-16.59.53-300x225.jpeg 300w, https:\/\/ipoweb.bruxelles.be\/primdachsbeck\/wp-content\/uploads\/2019\/12\/WhatsApp-Image-2019-12-17-at-16.59.53-768x576.jpeg 768w, https:\/\/ipoweb.bruxelles.be\/primdachsbeck\/wp-content\/uploads\/2019\/12\/WhatsApp-Image-2019-12-17-at-16.59.53.jpeg 1920w\" sizes=\"(max-width: 1024px) 100vw, 1024px\" \/><\/figure><\/li><li class=\"blocks-gallery-item\"><figure><img decoding=\"async\" loading=\"lazy\" width=\"768\" height=\"1024\" src=\"http:\/\/ipoweb.bruxelles.be\/primdachsbeck\/wp-content\/uploads\/2019\/12\/WhatsApp-Image-2019-12-17-at-16.58.43-768x1024.jpeg\" alt=\"\" data-id=\"433\" data-link=\"http:\/\/ipoweb.bruxelles.be\/primdachsbeck\/?attachment_id=433\" class=\"wp-image-433\" srcset=\"https:\/\/ipoweb.bruxelles.be\/primdachsbeck\/wp-content\/uploads\/2019\/12\/WhatsApp-Image-2019-12-17-at-16.58.43-768x1024.jpeg 768w, https:\/\/ipoweb.bruxelles.be\/primdachsbeck\/wp-content\/uploads\/2019\/12\/WhatsApp-Image-2019-12-17-at-16.58.43-225x300.jpeg 225w, https:\/\/ipoweb.bruxelles.be\/primdachsbeck\/wp-content\/uploads\/2019\/12\/WhatsApp-Image-2019-12-17-at-16.58.43.jpeg 1440w\" sizes=\"(max-width: 768px) 100vw, 768px\" \/><\/figure><\/li><li class=\"blocks-gallery-item\"><figure><img decoding=\"async\" loading=\"lazy\" width=\"768\" height=\"1024\" src=\"http:\/\/ipoweb.bruxelles.be\/primdachsbeck\/wp-content\/uploads\/2019\/12\/WhatsApp-Image-2019-12-17-at-20.55.46-768x1024.jpeg\" alt=\"\" data-id=\"434\" data-link=\"http:\/\/ipoweb.bruxelles.be\/primdachsbeck\/?attachment_id=434\" class=\"wp-image-434\" srcset=\"https:\/\/ipoweb.bruxelles.be\/primdachsbeck\/wp-content\/uploads\/2019\/12\/WhatsApp-Image-2019-12-17-at-20.55.46-768x1024.jpeg 768w, https:\/\/ipoweb.bruxelles.be\/primdachsbeck\/wp-content\/uploads\/2019\/12\/WhatsApp-Image-2019-12-17-at-20.55.46-225x300.jpeg 225w, https:\/\/ipoweb.bruxelles.be\/primdachsbeck\/wp-content\/uploads\/2019\/12\/WhatsApp-Image-2019-12-17-at-20.55.46.jpeg 1440w\" sizes=\"(max-width: 768px) 100vw, 768px\" \/><\/figure><\/li><li class=\"blocks-gallery-item\"><figure><img decoding=\"async\" loading=\"lazy\" width=\"1024\" height=\"768\" src=\"http:\/\/ipoweb.bruxelles.be\/primdachsbeck\/wp-content\/uploads\/2019\/12\/WhatsApp-Image-2019-12-20-at-14.26.20-1024x768.jpeg\" alt=\"\" data-id=\"435\" data-link=\"http:\/\/ipoweb.bruxelles.be\/primdachsbeck\/?attachment_id=435\" class=\"wp-image-435\" srcset=\"https:\/\/ipoweb.bruxelles.be\/primdachsbeck\/wp-content\/uploads\/2019\/12\/WhatsApp-Image-2019-12-20-at-14.26.20-1024x768.jpeg 1024w, https:\/\/ipoweb.bruxelles.be\/primdachsbeck\/wp-content\/uploads\/2019\/12\/WhatsApp-Image-2019-12-20-at-14.26.20-300x225.jpeg 300w, https:\/\/ipoweb.bruxelles.be\/primdachsbeck\/wp-content\/uploads\/2019\/12\/WhatsApp-Image-2019-12-20-at-14.26.20-768x576.jpeg 768w, https:\/\/ipoweb.bruxelles.be\/primdachsbeck\/wp-content\/uploads\/2019\/12\/WhatsApp-Image-2019-12-20-at-14.26.20.jpeg 1919w\" sizes=\"(max-width: 1024px) 100vw, 1024px\" \/><\/figure><\/li><li class=\"blocks-gallery-item\"><figure><img decoding=\"async\" loading=\"lazy\" width=\"1024\" height=\"768\" src=\"http:\/\/ipoweb.bruxelles.be\/primdachsbeck\/wp-content\/uploads\/2019\/12\/WhatsApp-Image-2019-12-17-at-13.35.57-1024x768.jpeg\" alt=\"\" data-id=\"436\" data-link=\"http:\/\/ipoweb.bruxelles.be\/primdachsbeck\/?attachment_id=436\" class=\"wp-image-436\" srcset=\"https:\/\/ipoweb.bruxelles.be\/primdachsbeck\/wp-content\/uploads\/2019\/12\/WhatsApp-Image-2019-12-17-at-13.35.57-1024x768.jpeg 1024w, https:\/\/ipoweb.bruxelles.be\/primdachsbeck\/wp-content\/uploads\/2019\/12\/WhatsApp-Image-2019-12-17-at-13.35.57-300x225.jpeg 300w, https:\/\/ipoweb.bruxelles.be\/primdachsbeck\/wp-content\/uploads\/2019\/12\/WhatsApp-Image-2019-12-17-at-13.35.57-768x576.jpeg 768w, https:\/\/ipoweb.bruxelles.be\/primdachsbeck\/wp-content\/uploads\/2019\/12\/WhatsApp-Image-2019-12-17-at-13.35.57.jpeg 1919w\" sizes=\"(max-width: 1024px) 100vw, 1024px\" \/><\/figure><\/li><\/ul>\n\n\n\n<figure class=\"wp-block-embed-youtube wp-block-embed is-type-video is-provider-youtube wp-embed-aspect-4-3 wp-has-aspect-ratio\"><div class=\"wp-block-embed__wrapper\">\n<iframe loading=\"lazy\" title=\"Op\u00e9ration Shoe-Box: Des cadeaux de No\u00ebl pour les d\u00e9munis\" width=\"648\" height=\"486\" src=\"https:\/\/www.youtube.com\/embed\/CTytt4OZ2_I?feature=oembed\" frameborder=\"0\" allow=\"accelerometer; autoplay; encrypted-media; gyroscope; picture-in-picture\" allowfullscreen><\/iframe>\n<\/div><\/figure>\n","protected":false},"excerpt":{"rendered":"<p>Ces derniers jours, un bel esprit de solidarit\u00e9 pour les plus d\u00e9munis a anim\u00e9 les \u00e9l\u00e8ves de l&rsquo;\u00e9cole. Nous avons, en effet, particip\u00e9 \u00e0 l&rsquo;op\u00e9ration \u00ab\u00a0Shoe Box\u00a0\u00bb qui consistait \u00e0 r\u00e9colter des vivres non p\u00e9rissables ! Nous avons ainsi r\u00e9colt\u00e9 des centaines de bo\u00eetes ! Un grand bravo \u00e0 tous les enfants, l&rsquo;\u00e9quipe \u00e9ducative et [&hellip;]<\/p>\n","protected":false},"author":2,"featured_media":0,"comment_status":"closed","ping_status":"open","sticky":false,"template":"","format":"standard","meta":{"footnotes":""},"categories":[1],"tags":[],"jetpack_sharing_enabled":true,"jetpack_featured_media_url":"","_links":{"self":[{"href":"https:\/\/ipoweb.bruxelles.be\/primdachsbeck\/index.php?rest_route=\/wp\/v2\/posts\/422"}],"collection":[{"href":"https:\/\/ipoweb.bruxelles.be\/primdachsbeck\/index.php?rest_route=\/wp\/v2\/posts"}],"about":[{"href":"https:\/\/ipoweb.bruxelles.be\/primdachsbeck\/index.php?rest_route=\/wp\/v2\/types\/post"}],"author":[{"embeddable":true,"href":"https:\/\/ipoweb.bruxelles.be\/primdachsbeck\/index.php?rest_route=\/wp\/v2\/users\/2"}],"replies":[{"embeddable":true,"href":"https:\/\/ipoweb.bruxelles.be\/primdachsbeck\/index.php?rest_route=%2Fwp%2Fv2%2Fcomments&post=422"}],"version-history":[{"count":1,"href":"https:\/\/ipoweb.bruxelles.be\/primdachsbeck\/index.php?rest_route=\/wp\/v2\/posts\/422\/revisions"}],"predecessor-version":[{"id":437,"href":"https:\/\/ipoweb.bruxelles.be\/primdachsbeck\/index.php?rest_route=\/wp\/v2\/posts\/422\/revisions\/437"}],"wp:attachment":[{"href":"https:\/\/ipoweb.bruxelles.be\/primdachsbeck\/index.php?rest_route=%2Fwp%2Fv2%2Fmedia&parent=422"}],"wp:term":[{"taxonomy":"category","embeddable":true,"href":"https:\/\/ipoweb.bruxelles.be\/primdachsbeck\/index.php?rest_route=%2Fwp%2Fv2%2Fcategories&post=422"},{"taxonomy":"post_tag","embeddable":true,"href":"https:\/\/ipoweb.bruxelles.be\/primdachsbeck\/index.php?rest_route=%2Fwp%2Fv2%2Ftags&post=422"}],"curies":[{"name":"wp","href":"https:\/\/api.w.org\/{rel}","templated":true}]}}