{"id":457,"date":"2020-01-25T08:40:26","date_gmt":"2020-01-25T07:40:26","guid":{"rendered":"http:\/\/ipoweb.bruxelles.be\/primdachsbeck\/?p=457"},"modified":"2020-01-25T08:40:31","modified_gmt":"2020-01-25T07:40:31","slug":"les-p6-decouvrent-le-latin-au-lycee-dachsbeck","status":"publish","type":"post","link":"https:\/\/ipoweb.bruxelles.be\/primdachsbeck\/?p=457","title":{"rendered":"Les P6 d\u00e9couvrent le latin au Lyc\u00e9e Dachsbeck"},"content":{"rendered":"\n<p>Cette semaine, nos \u00e9l\u00e8ves de 6\u00e8me primaire se sont rendus au Lyc\u00e9e Dachsbeck d\u00e9couvrir la r\u00e9alit\u00e9 de l&rsquo;\u00e9cole secondaire ! Ils ont pu y d\u00e9couvrir les locaux et faire connaissance avec une nouvelle mati\u00e8re : le latin !<\/p>\n\n\n\n<p>Un grand merci au Lyc\u00e9e pour leur accueil et \u00e0 madame Diakou pour son enthousiasme \u00e0 nous faire d\u00e9couvrir les richesses de la civilisation latine !<\/p>\n\n\n\n<ul class=\"wp-block-gallery columns-3 is-cropped wp-block-gallery-1 is-layout-flex wp-block-gallery-is-layout-flex\"><li class=\"blocks-gallery-item\"><figure><img decoding=\"async\" loading=\"lazy\" width=\"1024\" height=\"768\" src=\"http:\/\/ipoweb.bruxelles.be\/primdachsbeck\/wp-content\/uploads\/2020\/01\/WhatsApp-Image-2020-01-24-at-11.58.04-1024x768.jpeg\" alt=\"\" data-id=\"455\" data-link=\"http:\/\/ipoweb.bruxelles.be\/primdachsbeck\/?attachment_id=455\" class=\"wp-image-455\" srcset=\"https:\/\/ipoweb.bruxelles.be\/primdachsbeck\/wp-content\/uploads\/2020\/01\/WhatsApp-Image-2020-01-24-at-11.58.04-1024x768.jpeg 1024w, https:\/\/ipoweb.bruxelles.be\/primdachsbeck\/wp-content\/uploads\/2020\/01\/WhatsApp-Image-2020-01-24-at-11.58.04-300x225.jpeg 300w, https:\/\/ipoweb.bruxelles.be\/primdachsbeck\/wp-content\/uploads\/2020\/01\/WhatsApp-Image-2020-01-24-at-11.58.04-768x576.jpeg 768w, https:\/\/ipoweb.bruxelles.be\/primdachsbeck\/wp-content\/uploads\/2020\/01\/WhatsApp-Image-2020-01-24-at-11.58.04.jpeg 1919w\" sizes=\"(max-width: 1024px) 100vw, 1024px\" \/><\/figure><\/li><li class=\"blocks-gallery-item\"><figure><img decoding=\"async\" loading=\"lazy\" width=\"1024\" height=\"498\" src=\"http:\/\/ipoweb.bruxelles.be\/primdachsbeck\/wp-content\/uploads\/2020\/01\/20200124_0940222912348432475623038-1024x498.jpg\" alt=\"\" data-id=\"453\" data-link=\"http:\/\/ipoweb.bruxelles.be\/primdachsbeck\/?attachment_id=453\" class=\"wp-image-453\" srcset=\"https:\/\/ipoweb.bruxelles.be\/primdachsbeck\/wp-content\/uploads\/2020\/01\/20200124_0940222912348432475623038-1024x498.jpg 1024w, https:\/\/ipoweb.bruxelles.be\/primdachsbeck\/wp-content\/uploads\/2020\/01\/20200124_0940222912348432475623038-300x146.jpg 300w, https:\/\/ipoweb.bruxelles.be\/primdachsbeck\/wp-content\/uploads\/2020\/01\/20200124_0940222912348432475623038-768x373.jpg 768w\" sizes=\"(max-width: 1024px) 100vw, 1024px\" \/><\/figure><\/li><li class=\"blocks-gallery-item\"><figure><img decoding=\"async\" loading=\"lazy\" width=\"1024\" height=\"498\" src=\"http:\/\/ipoweb.bruxelles.be\/primdachsbeck\/wp-content\/uploads\/2020\/01\/20200124_0940374305148276632433244-1024x498.jpg\" alt=\"\" data-id=\"452\" data-link=\"http:\/\/ipoweb.bruxelles.be\/primdachsbeck\/?attachment_id=452\" class=\"wp-image-452\" srcset=\"https:\/\/ipoweb.bruxelles.be\/primdachsbeck\/wp-content\/uploads\/2020\/01\/20200124_0940374305148276632433244-1024x498.jpg 1024w, https:\/\/ipoweb.bruxelles.be\/primdachsbeck\/wp-content\/uploads\/2020\/01\/20200124_0940374305148276632433244-300x146.jpg 300w, https:\/\/ipoweb.bruxelles.be\/primdachsbeck\/wp-content\/uploads\/2020\/01\/20200124_0940374305148276632433244-768x373.jpg 768w\" sizes=\"(max-width: 1024px) 100vw, 1024px\" \/><\/figure><\/li><li class=\"blocks-gallery-item\"><figure><img decoding=\"async\" loading=\"lazy\" width=\"1024\" height=\"768\" src=\"http:\/\/ipoweb.bruxelles.be\/primdachsbeck\/wp-content\/uploads\/2020\/01\/WhatsApp-Image-2020-01-24-at-11.58.05-1024x768.jpeg\" alt=\"\" data-id=\"456\" data-link=\"http:\/\/ipoweb.bruxelles.be\/primdachsbeck\/?attachment_id=456\" class=\"wp-image-456\" srcset=\"https:\/\/ipoweb.bruxelles.be\/primdachsbeck\/wp-content\/uploads\/2020\/01\/WhatsApp-Image-2020-01-24-at-11.58.05-1024x768.jpeg 1024w, https:\/\/ipoweb.bruxelles.be\/primdachsbeck\/wp-content\/uploads\/2020\/01\/WhatsApp-Image-2020-01-24-at-11.58.05-300x225.jpeg 300w, https:\/\/ipoweb.bruxelles.be\/primdachsbeck\/wp-content\/uploads\/2020\/01\/WhatsApp-Image-2020-01-24-at-11.58.05-768x576.jpeg 768w, https:\/\/ipoweb.bruxelles.be\/primdachsbeck\/wp-content\/uploads\/2020\/01\/WhatsApp-Image-2020-01-24-at-11.58.05.jpeg 1919w\" sizes=\"(max-width: 1024px) 100vw, 1024px\" \/><\/figure><\/li><\/ul>\n","protected":false},"excerpt":{"rendered":"<p>Cette semaine, nos \u00e9l\u00e8ves de 6\u00e8me primaire se sont rendus au Lyc\u00e9e Dachsbeck d\u00e9couvrir la r\u00e9alit\u00e9 de l&rsquo;\u00e9cole secondaire ! Ils ont pu y d\u00e9couvrir les locaux et faire connaissance avec une nouvelle mati\u00e8re : le latin ! Un grand merci au Lyc\u00e9e pour leur accueil et \u00e0 madame Diakou pour son enthousiasme \u00e0 nous [&hellip;]<\/p>\n","protected":false},"author":2,"featured_media":0,"comment_status":"closed","ping_status":"open","sticky":false,"template":"","format":"standard","meta":{"footnotes":""},"categories":[1],"tags":[],"jetpack_sharing_enabled":true,"jetpack_featured_media_url":"","_links":{"self":[{"href":"https:\/\/ipoweb.bruxelles.be\/primdachsbeck\/index.php?rest_route=\/wp\/v2\/posts\/457"}],"collection":[{"href":"https:\/\/ipoweb.bruxelles.be\/primdachsbeck\/index.php?rest_route=\/wp\/v2\/posts"}],"about":[{"href":"https:\/\/ipoweb.bruxelles.be\/primdachsbeck\/index.php?rest_route=\/wp\/v2\/types\/post"}],"author":[{"embeddable":true,"href":"https:\/\/ipoweb.bruxelles.be\/primdachsbeck\/index.php?rest_route=\/wp\/v2\/users\/2"}],"replies":[{"embeddable":true,"href":"https:\/\/ipoweb.bruxelles.be\/primdachsbeck\/index.php?rest_route=%2Fwp%2Fv2%2Fcomments&post=457"}],"version-history":[{"count":2,"href":"https:\/\/ipoweb.bruxelles.be\/primdachsbeck\/index.php?rest_route=\/wp\/v2\/posts\/457\/revisions"}],"predecessor-version":[{"id":715,"href":"https:\/\/ipoweb.bruxelles.be\/primdachsbeck\/index.php?rest_route=\/wp\/v2\/posts\/457\/revisions\/715"}],"wp:attachment":[{"href":"https:\/\/ipoweb.bruxelles.be\/primdachsbeck\/index.php?rest_route=%2Fwp%2Fv2%2Fmedia&parent=457"}],"wp:term":[{"taxonomy":"category","embeddable":true,"href":"https:\/\/ipoweb.bruxelles.be\/primdachsbeck\/index.php?rest_route=%2Fwp%2Fv2%2Fcategories&post=457"},{"taxonomy":"post_tag","embeddable":true,"href":"https:\/\/ipoweb.bruxelles.be\/primdachsbeck\/index.php?rest_route=%2Fwp%2Fv2%2Ftags&post=457"}],"curies":[{"name":"wp","href":"https:\/\/api.w.org\/{rel}","templated":true}]}}