{"id":516,"date":"2020-03-13T15:47:05","date_gmt":"2020-03-13T14:47:05","guid":{"rendered":"http:\/\/ipoweb.bruxelles.be\/primdachsbeck\/?p=516"},"modified":"2020-03-22T17:05:34","modified_gmt":"2020-03-22T16:05:34","slug":"travaux-a-realiser","status":"publish","type":"post","link":"https:\/\/ipoweb.bruxelles.be\/primdachsbeck\/?p=516","title":{"rendered":"Informations"},"content":{"rendered":"\n<p>Madame, Monsieur, Chers Parents,<\/p>\n\n\n\n<p><strong>COMMUNICATION <\/strong>:  Nous vous demandons de privil\u00e9gier les emails plut\u00f4t que le t\u00e9l\u00e9phone (nous sommes en effectifs r\u00e9duits). L&rsquo;adresse email de l&rsquo;\u00e9cole :<a href=\"http:\/\/prep.dachsbeck@brucity.education \"> <\/a><strong>Email : <\/strong><a href=\"mailto:prep.dachsbeck@brucity.education\"> prep.dachsbeck@brucity.education <\/a><\/p>\n\n\n\n<p><\/p>\n\n\n\n<p><strong>SUIVI SCOLAIRE<\/strong> : En ce qui concerne le suivi scolaire des enfants et pour leur permettre de s&rsquo;entra\u00eener un petit peu chaque jour, un dossier d\u2019exercices a \u00e9t\u00e9 distribu\u00e9 dans certaines classes. Il sera \u00e9galement disponible pour ceux qui ne l&rsquo;ont pas encore re\u00e7u \u00e0 partir du lundi 16 mars jusqu&rsquo;au mardi 17 mars.  Pour ce faire, il vous est demand\u00e9 de sonner \u00e0 la porte d&rsquo;entr\u00e9e <strong>(entre 9h00 et 12h00 svp) <\/strong>et nous vous apporterons le dossier en mains propres afin d&rsquo;\u00e9viter de rentrer dans l&rsquo;\u00e9cole.<\/p>\n\n\n\n<p>Les fichiers sont \u00e9galement t\u00e9l\u00e9chargeables et imprimables :<\/p>\n\n\n\n<p>1\u00e8re ann\u00e9e : <a rel=\"noreferrer noopener\" aria-label=\" (opens in a new tab)\" href=\"https:\/\/drive.google.com\/file\/d\/10_xtwOzBhTFXJnAjX_TilvNUCXLoU3HT\/view?usp=sharing\" target=\"_blank\">https:\/\/drive.google.com\/file\/d\/10_xtwOzBhTFXJnAjX_TilvNUCXLoU3HT\/view?usp=sharing<\/a><\/p>\n\n\n\n<p>2\u00e8me ann\u00e9e : <a href=\"https:\/\/drive.google.com\/file\/d\/1ckEHUamYV39_xppj6AzQptf1g9ux9vVq\/view?usp=sharing\">https:\/\/drive.google.com\/file\/d\/1ckEHUamYV39_xppj6AzQptf1g9ux9vVq\/view?usp=sharing<\/a><\/p>\n\n\n\n<p>3\u00e8me ann\u00e9e : <a href=\"https:\/\/drive.google.com\/file\/d\/137IFVmRk8wTwv03GBv5FTps6quzcFuEl\/view?usp=sharing\">https:\/\/drive.google.com\/file\/d\/137IFVmRk8wTwv03GBv5FTps6quzcFuEl\/view?usp=sharing<\/a><\/p>\n\n\n\n<p>4\u00e8me ann\u00e9e : <a href=\"https:\/\/drive.google.com\/file\/d\/1W7cY1sMdCJxDtgD_MWaXurglsK7eGfbn\/view?usp=sharing\">https:\/\/drive.google.com\/file\/d\/1W7cY1sMdCJxDtgD_MWaXurglsK7eGfbn\/view?usp=sharing<\/a><\/p>\n\n\n\n<p>5\u00e8me ann\u00e9e : <a href=\"https:\/\/drive.google.com\/file\/d\/1L1b72oPZmVcR-eYnzstRy9-8paxy_DVM\/view?usp=sharing\">https:\/\/drive.google.com\/file\/d\/1L1b72oPZmVcR-eYnzstRy9-8paxy_DVM\/view?usp=sharing<\/a><\/p>\n\n\n\n<p>6\u00e8me ann\u00e9e : <a href=\"https:\/\/drive.google.com\/file\/d\/1LJI2D4YSebo4FzWGz_0pUbcrD-NI3X-Y\/view?usp=sharing\">https:\/\/drive.google.com\/file\/d\/1LJI2D4YSebo4FzWGz_0pUbcrD-NI3X-Y\/view?usp=sharing<\/a><\/p>\n\n\n\n<p>Merci \u00e0 tous pour vos mots d&rsquo;encouragements, de solidarit\u00e9 et d&rsquo;humanit\u00e9. Prenez soin de vous et de vos familles.<\/p>\n\n\n\n<p>Le Directeur<\/p>\n\n\n\n<figure class=\"wp-block-image\"><img decoding=\"async\" loading=\"lazy\" width=\"745\" height=\"960\" src=\"http:\/\/ipoweb.bruxelles.be\/primdachsbeck\/wp-content\/uploads\/2020\/03\/89338102_3191962114171029_6749737858115829760_o.jpg\" alt=\"\" class=\"wp-image-512\" srcset=\"https:\/\/ipoweb.bruxelles.be\/primdachsbeck\/wp-content\/uploads\/2020\/03\/89338102_3191962114171029_6749737858115829760_o.jpg 745w, https:\/\/ipoweb.bruxelles.be\/primdachsbeck\/wp-content\/uploads\/2020\/03\/89338102_3191962114171029_6749737858115829760_o-233x300.jpg 233w\" sizes=\"(max-width: 745px) 100vw, 745px\" \/><\/figure>\n\n\n\n<p>                                                                      <\/p>\n","protected":false},"excerpt":{"rendered":"<p>Madame, Monsieur, Chers Parents, COMMUNICATION : Nous vous demandons de privil\u00e9gier les emails plut\u00f4t que le t\u00e9l\u00e9phone (nous sommes en effectifs r\u00e9duits). L&rsquo;adresse email de l&rsquo;\u00e9cole : Email : prep.dachsbeck@brucity.education SUIVI SCOLAIRE : En ce qui concerne le suivi scolaire des enfants et pour leur permettre de s&rsquo;entra\u00eener un petit peu chaque jour, un dossier [&hellip;]<\/p>\n","protected":false},"author":2,"featured_media":0,"comment_status":"closed","ping_status":"open","sticky":false,"template":"","format":"standard","meta":{"footnotes":""},"categories":[1],"tags":[],"jetpack_sharing_enabled":true,"jetpack_featured_media_url":"","_links":{"self":[{"href":"https:\/\/ipoweb.bruxelles.be\/primdachsbeck\/index.php?rest_route=\/wp\/v2\/posts\/516"}],"collection":[{"href":"https:\/\/ipoweb.bruxelles.be\/primdachsbeck\/index.php?rest_route=\/wp\/v2\/posts"}],"about":[{"href":"https:\/\/ipoweb.bruxelles.be\/primdachsbeck\/index.php?rest_route=\/wp\/v2\/types\/post"}],"author":[{"embeddable":true,"href":"https:\/\/ipoweb.bruxelles.be\/primdachsbeck\/index.php?rest_route=\/wp\/v2\/users\/2"}],"replies":[{"embeddable":true,"href":"https:\/\/ipoweb.bruxelles.be\/primdachsbeck\/index.php?rest_route=%2Fwp%2Fv2%2Fcomments&post=516"}],"version-history":[{"count":7,"href":"https:\/\/ipoweb.bruxelles.be\/primdachsbeck\/index.php?rest_route=\/wp\/v2\/posts\/516\/revisions"}],"predecessor-version":[{"id":523,"href":"https:\/\/ipoweb.bruxelles.be\/primdachsbeck\/index.php?rest_route=\/wp\/v2\/posts\/516\/revisions\/523"}],"wp:attachment":[{"href":"https:\/\/ipoweb.bruxelles.be\/primdachsbeck\/index.php?rest_route=%2Fwp%2Fv2%2Fmedia&parent=516"}],"wp:term":[{"taxonomy":"category","embeddable":true,"href":"https:\/\/ipoweb.bruxelles.be\/primdachsbeck\/index.php?rest_route=%2Fwp%2Fv2%2Fcategories&post=516"},{"taxonomy":"post_tag","embeddable":true,"href":"https:\/\/ipoweb.bruxelles.be\/primdachsbeck\/index.php?rest_route=%2Fwp%2Fv2%2Ftags&post=516"}],"curies":[{"name":"wp","href":"https:\/\/api.w.org\/{rel}","templated":true}]}}