{"id":537,"date":"2020-05-03T09:00:34","date_gmt":"2020-05-03T07:00:34","guid":{"rendered":"http:\/\/ipoweb.bruxelles.be\/primdachsbeck\/?p=537"},"modified":"2021-10-21T15:43:15","modified_gmt":"2021-10-21T13:43:15","slug":"confinement","status":"publish","type":"post","link":"https:\/\/ipoweb.bruxelles.be\/primdachsbeck\/?p=537","title":{"rendered":"GARDERIES"},"content":{"rendered":"\n<p>Chers parents, chers enfants,<\/p>\n\n\n\n<p><strong>Pour les parents n&rsquo;ayant aucune autre possibilit\u00e9<\/strong> suite \u00e0 la reprise du travail, votre enfant pourrait \u00eatre accueilli en garderie au sein de l\u2019\u00e9tablissement.  Nous vous demandons d\u00e8s lors de nous <strong>pr\u00e9venir la veille jusqu\u2019\u00e0 15h00<\/strong> de la pr\u00e9sence de votre enfant  de pr\u00e9f\u00e9rence par  <strong>email : <\/strong><a href=\"mailto:prep.dachsbeck@brucity.education\">prep.dachsbeck@brucity.education<\/a> <br>Nous vous remercions infiniment de votre pr\u00e9cieuse collaboration.<\/p>\n\n\n\n<p> Prenez soin de vous et de vos proches<\/p>\n\n\n\n<p> L\u2019\u00e9quipe \u00e9ducative de l\u2019\u00e9cole primaire de Dachsbeck<\/p>\n","protected":false},"excerpt":{"rendered":"<p>Chers parents, chers enfants, Pour les parents n&rsquo;ayant aucune autre possibilit\u00e9 suite \u00e0 la reprise du travail, votre enfant pourrait \u00eatre accueilli en garderie au sein de l\u2019\u00e9tablissement. Nous vous demandons d\u00e8s lors de nous pr\u00e9venir la veille jusqu\u2019\u00e0 15h00 de la pr\u00e9sence de votre enfant de pr\u00e9f\u00e9rence par email : prep.dachsbeck@brucity.education Nous vous remercions [&hellip;]<\/p>\n","protected":false},"author":2,"featured_media":0,"comment_status":"closed","ping_status":"open","sticky":false,"template":"","format":"standard","meta":{"footnotes":""},"categories":[1],"tags":[],"jetpack_sharing_enabled":true,"jetpack_featured_media_url":"","_links":{"self":[{"href":"https:\/\/ipoweb.bruxelles.be\/primdachsbeck\/index.php?rest_route=\/wp\/v2\/posts\/537"}],"collection":[{"href":"https:\/\/ipoweb.bruxelles.be\/primdachsbeck\/index.php?rest_route=\/wp\/v2\/posts"}],"about":[{"href":"https:\/\/ipoweb.bruxelles.be\/primdachsbeck\/index.php?rest_route=\/wp\/v2\/types\/post"}],"author":[{"embeddable":true,"href":"https:\/\/ipoweb.bruxelles.be\/primdachsbeck\/index.php?rest_route=\/wp\/v2\/users\/2"}],"replies":[{"embeddable":true,"href":"https:\/\/ipoweb.bruxelles.be\/primdachsbeck\/index.php?rest_route=%2Fwp%2Fv2%2Fcomments&post=537"}],"version-history":[{"count":2,"href":"https:\/\/ipoweb.bruxelles.be\/primdachsbeck\/index.php?rest_route=\/wp\/v2\/posts\/537\/revisions"}],"predecessor-version":[{"id":619,"href":"https:\/\/ipoweb.bruxelles.be\/primdachsbeck\/index.php?rest_route=\/wp\/v2\/posts\/537\/revisions\/619"}],"wp:attachment":[{"href":"https:\/\/ipoweb.bruxelles.be\/primdachsbeck\/index.php?rest_route=%2Fwp%2Fv2%2Fmedia&parent=537"}],"wp:term":[{"taxonomy":"category","embeddable":true,"href":"https:\/\/ipoweb.bruxelles.be\/primdachsbeck\/index.php?rest_route=%2Fwp%2Fv2%2Fcategories&post=537"},{"taxonomy":"post_tag","embeddable":true,"href":"https:\/\/ipoweb.bruxelles.be\/primdachsbeck\/index.php?rest_route=%2Fwp%2Fv2%2Ftags&post=537"}],"curies":[{"name":"wp","href":"https:\/\/api.w.org\/{rel}","templated":true}]}}