{"id":564,"date":"2020-03-26T08:25:16","date_gmt":"2020-03-26T07:25:16","guid":{"rendered":"http:\/\/ipoweb.bruxelles.be\/primdachsbeck\/?p=564"},"modified":"2021-10-21T15:43:17","modified_gmt":"2021-10-21T13:43:17","slug":"coucou-les-enfants","status":"publish","type":"post","link":"https:\/\/ipoweb.bruxelles.be\/primdachsbeck\/?p=564","title":{"rendered":"Groupes de classes en ligne"},"content":{"rendered":"\n<p><strong>Chers parents, on compte sur vous pour diffuser l&rsquo;information aupr\u00e8s de tous les parents de l&rsquo;\u00e9cole dont vous avez le contact et les inviter \u00e0 venir sur le site pour y trouver le groupe classe ou le moyen de contact de leur enfant !<\/strong> <strong>Merci pour votre aide !<\/strong><\/p>\n\n\n\n<p>Pour les P1, rendez-vous sur leur groupe facebook collectif ici &#8211;&gt; <a href=\"https:\/\/www.facebook.com\/groups\/793332734529547\/?ref=group_header\">Dachsbeck P1<\/a><\/p>\n\n\n\n<p>P2 de Mme Andr\u00e9, rendez-vous sur leur groupe facebook ici &#8211;&gt; : <a href=\"https:\/\/www.facebook.com\/groups\/1464686173699702\/?ref=group_header\">2AN Dachsbeck 19\/20<\/a><\/p>\n\n\n\n<p>P2 de Mmes Vandezande et Ieven groupe facebook ici &#8211;&gt; <a href=\"https:\/\/www.facebook.com\/groups\/146465320047643\/?ref=group_header\">2VZ Dachsbeck<\/a><\/p>\n\n\n\n<p>P2 de Mme Van Dorst groupe facebook : <a href=\"https:\/\/www.facebook.com\/groups\/876770416101493\/?ref=group_header\">Classe de Madame Vanessa van Dorst<\/a><\/p>\n\n\n\n<p>P2 de Mme Cindy groupe facebook : <a href=\"https:\/\/www.facebook.com\/groups\/535685283749837\/?ref=group_header\">Madame Cindy Dachsbeck P2<\/a><\/p>\n\n\n\n<p>Mme Gilson &#8211; adaptatrice a aussi son groupe facebook :   <a href=\"https:\/\/www.facebook.com\/groups\/204516744150627\/?ref=group_header\">MG 2019-2020<\/a> <\/p>\n\n\n\n<p>P3 de Mme Dandoy groupe facebook : <a href=\"https:\/\/www.facebook.com\/groups\/647806512458037\/?ref=group_header\">3eme Dandoy Dachsbeck<\/a><\/p>\n\n\n\n<p> P3 de M. Olivier via <strong>Email : <\/strong><a href=\"mailto:olivier.vissers@brucity.education\"> cliquer ici <\/a> ou via Classdojo  (sur le site <a href=\"http:\/\/www.classdojo.com\">www.classdojo.com<\/a>  ou via l&rsquo;application)<\/p>\n\n\n\n<div class=\"wp-block-image\"><figure class=\"aligncenter is-resized\"><img decoding=\"async\" loading=\"lazy\" src=\"http:\/\/ipoweb.bruxelles.be\/primdachsbeck\/wp-content\/uploads\/2020\/03\/screenshot_20200326-111954_classdojo832380467430741424-943x1024.jpg\" alt=\"\" class=\"wp-image-588\" width=\"230\" height=\"249\" srcset=\"https:\/\/ipoweb.bruxelles.be\/primdachsbeck\/wp-content\/uploads\/2020\/03\/screenshot_20200326-111954_classdojo832380467430741424-943x1024.jpg 943w, https:\/\/ipoweb.bruxelles.be\/primdachsbeck\/wp-content\/uploads\/2020\/03\/screenshot_20200326-111954_classdojo832380467430741424-276x300.jpg 276w, https:\/\/ipoweb.bruxelles.be\/primdachsbeck\/wp-content\/uploads\/2020\/03\/screenshot_20200326-111954_classdojo832380467430741424-768x834.jpg 768w, https:\/\/ipoweb.bruxelles.be\/primdachsbeck\/wp-content\/uploads\/2020\/03\/screenshot_20200326-111954_classdojo832380467430741424.jpg 1434w\" sizes=\"(max-width: 230px) 100vw, 230px\" \/><\/figure><\/div>\n\n\n\n<p>P3 de Mme Chantry via <strong>Email : <\/strong><a href=\"mailto:Laura.Chantry@hotmail.fr\"> cliquer ici <\/a><\/p>\n\n\n\n<p>P4 de Mme Vander Cammen groupe facebook : <a href=\"https:\/\/www.facebook.com\/groups\/538927596754056\/?ref=group_header\">P4vdc\/19.20<\/a><\/p>\n\n\n\n<p>P4 de Mme Thys groupe facebook : <a href=\"https:\/\/www.facebook.com\/groups\/2689043971366119\/?ref=group_header\">P4Thys\/19.20<\/a><\/p>\n\n\n\n<p>P4 de Mme Crahay groupe facebook : <a href=\"https:\/\/www.facebook.com\/groups\/2831459540271396\/?ref=group_header\">4CR Dachsbeck<\/a><\/p>\n\n\n\n<p>P5 de Mme Sikorska groupe facebook : <a href=\"https:\/\/www.facebook.com\/groups\/912729949165933\/?ref=group_header\">Poudlarbook 5sm<\/a><\/p>\n\n\n\n<p>P5 de M. Mazaraky groupe facebook : <a href=\"https:\/\/www.facebook.com\/groups\/220574339055980\/?ref=group_header\">Mz &#8211; Dachsbeck<\/a><\/p>\n\n\n\n<p>P5 de Mme Marty groupe facebook : <a href=\"https:\/\/www.facebook.com\/groups\/223096752271258\/?ref=group_header\">5eme Marty Dachsbeck<\/a><\/p>\n\n\n\n<p>P6 collectif &#8211; groupe facebook : <a href=\"https:\/\/www.facebook.com\/groups\/798644180659861\/?ref=group_header\">6\u00e8mes Co Es Gh<\/a><\/p>\n\n\n\n<p><\/p>\n\n\n\n<p><\/p>\n","protected":false},"excerpt":{"rendered":"<p>Chers parents, on compte sur vous pour diffuser l&rsquo;information aupr\u00e8s de tous les parents de l&rsquo;\u00e9cole dont vous avez le contact et les inviter \u00e0 venir sur le site pour y trouver le groupe classe ou le moyen de contact de leur enfant ! Merci pour votre aide ! Pour les P1, rendez-vous sur leur [&hellip;]<\/p>\n","protected":false},"author":2,"featured_media":0,"comment_status":"closed","ping_status":"open","sticky":false,"template":"","format":"standard","meta":{"footnotes":""},"categories":[1],"tags":[],"jetpack_sharing_enabled":true,"jetpack_featured_media_url":"","_links":{"self":[{"href":"https:\/\/ipoweb.bruxelles.be\/primdachsbeck\/index.php?rest_route=\/wp\/v2\/posts\/564"}],"collection":[{"href":"https:\/\/ipoweb.bruxelles.be\/primdachsbeck\/index.php?rest_route=\/wp\/v2\/posts"}],"about":[{"href":"https:\/\/ipoweb.bruxelles.be\/primdachsbeck\/index.php?rest_route=\/wp\/v2\/types\/post"}],"author":[{"embeddable":true,"href":"https:\/\/ipoweb.bruxelles.be\/primdachsbeck\/index.php?rest_route=\/wp\/v2\/users\/2"}],"replies":[{"embeddable":true,"href":"https:\/\/ipoweb.bruxelles.be\/primdachsbeck\/index.php?rest_route=%2Fwp%2Fv2%2Fcomments&post=564"}],"version-history":[{"count":19,"href":"https:\/\/ipoweb.bruxelles.be\/primdachsbeck\/index.php?rest_route=\/wp\/v2\/posts\/564\/revisions"}],"predecessor-version":[{"id":618,"href":"https:\/\/ipoweb.bruxelles.be\/primdachsbeck\/index.php?rest_route=\/wp\/v2\/posts\/564\/revisions\/618"}],"wp:attachment":[{"href":"https:\/\/ipoweb.bruxelles.be\/primdachsbeck\/index.php?rest_route=%2Fwp%2Fv2%2Fmedia&parent=564"}],"wp:term":[{"taxonomy":"category","embeddable":true,"href":"https:\/\/ipoweb.bruxelles.be\/primdachsbeck\/index.php?rest_route=%2Fwp%2Fv2%2Fcategories&post=564"},{"taxonomy":"post_tag","embeddable":true,"href":"https:\/\/ipoweb.bruxelles.be\/primdachsbeck\/index.php?rest_route=%2Fwp%2Fv2%2Ftags&post=564"}],"curies":[{"name":"wp","href":"https:\/\/api.w.org\/{rel}","templated":true}]}}