{"id":597,"date":"2020-04-01T18:05:27","date_gmt":"2020-04-01T16:05:27","guid":{"rendered":"http:\/\/ipoweb.bruxelles.be\/primdachsbeck\/?p=597"},"modified":"2020-04-26T13:36:59","modified_gmt":"2020-04-26T11:36:59","slug":"message-de-notre-pms","status":"publish","type":"post","link":"https:\/\/ipoweb.bruxelles.be\/primdachsbeck\/?p=597","title":{"rendered":"Message de notre PMS"},"content":{"rendered":"\n<p>Chers parents,&nbsp;<\/p>\n\n\n\n<p>En ces temps particuliers de confinement,\nl&rsquo;\u00e9quipe du CPMS de l&rsquo;\u00e9cole primaire Henriette Dachsbeck reste disponible pour\nvous et vos enfants. M\u00eame s\u2019il ne nous est plus possible de nous rendre \u00e0\nl\u2019\u00e9cole ou de vous recevoir en entretien, nous restons joignables, et ce\nprioritairement par mail, ou en laissant un message sur notre r\u00e9pondeur\nt\u00e9l\u00e9phonique. Ces moments avec les enfants \u00e0 la maison peuvent faire \u00e9merger\ndes interrogations et \u00eatre une occasion pour r\u00e9fl\u00e9chir \u00e0 comment cela se passe\n\u00e0 l\u2019\u00e9cole habituellement. Comment soutenir au mieux mon enfant dans le\nd\u00e9veloppement de ses acquis scolaires? Comment pr\u00e9parer le retour \u00e0\nl&rsquo;\u00e9cole?&nbsp; Nous restons donc \u00e0 votre disposition pour toute question,\ninterrogation ou demande que vous souhaiteriez adresser \u00e0 notre \u00e9quipe, que\ncela soit li\u00e9 \u00e0 la p\u00e9riode de confinement v\u00e9cue actuellement, ou que cela\nconcerne la scolarit\u00e9 ou le bien-\u00eatre de votre enfant de fa\u00e7on g\u00e9n\u00e9rale. Vous\ntrouverez ci-joint un courrier qui renseigne des liens renvoyant vers des\ncontacts et outils qui pourraient vous \u00eatre utiles.&nbsp;<\/p>\n\n\n\n<p>Il se peut que vous ne parveniez pas \u00e0\nmaintenir \u00e0 la maison une routine \u00ab\u00a0id\u00e9ale\u00a0\u00bb que vous aviez imagin\u00e9e&#8230;\nEt cela est bien normal ! Adultes comme enfants ont besoin de prendre leurs\nmarques dans ce nouveau quotidien qui ne permet que peu de se d\u00e9penser, et qui\ndemande des efforts et adaptations de la part de chacun. Alors, pas de panique\nsi les enfants passent plus de temps devant les \u00e9crans que d&rsquo;habitude, se\nchamaillent plus entre fr\u00e8res et s\u0153urs, etc. Cette dynamique particuli\u00e8re ne\nsera que temporaire et ne d\u00e9finit pas vos habitudes familiales des futurs\nmois&nbsp;! Ce qui importe est de trouver les modalit\u00e9s qui permettront \u00e0 votre\nfamille de passer la journ\u00e9e dans des conditions qui peuvent correspondre \u00e0\ntous, dans la mesure du possible. Concernant les \u00e9crans, par exemple, il existe\nune multitude de sites qui proposent des jeux ludiques mais \u00e9ducatifs, ou des\npetites vid\u00e9os d&rsquo;animation qui favorisent l&rsquo;\u00e9veil. Si vous n&rsquo;avez pas la\npossibilit\u00e9 de sortir \u00e0 l&rsquo;ext\u00e9rieur en toute s\u00e9curit\u00e9, il peut \u00e9galement \u00eatre\nint\u00e9ressant de mettre en place durant la journ\u00e9e des activit\u00e9s qui laissent\nplace \u00e0 une forme d&rsquo;activit\u00e9 physique. Si vous souhaitez disposer de pistes\nplus concr\u00e8tes pour occuper les enfants en journ\u00e9e, apaiser leurs angoisses\n\u00e9ventuelles, etc., n&rsquo;h\u00e9sitez pas \u00e0 nous contacter, nous disposons de divers\noutils que nous partageons volontiers.<\/p>\n\n\n\n<p>Nous restons \u00e0 votre disposition et esp\u00e9rons\nque votre famille puisse vivre cette p\u00e9riode de la fa\u00e7on la plus sereine qui\nsoit.<\/p>\n\n\n\n<p>L\u2019\u00e9quipe CPMS Dachsbeck Primaire :&nbsp;\n02\/279.63.00<\/p>\n\n\n\n<p>Marianne Lachenal \u2013 psychologue (<a href=\"mailto:marianne.lachenal@brucity.education\">marianne.lachenal@brucity.education<\/a>)<\/p>\n\n\n\n<p>Fran\u00e7oise Lasoie \u2013 infirmi\u00e8re (<a href=\"mailto:fran\u00e7oise.lasoie@brucity.education\">fran\u00e7oise.lasoie@brucity.education<\/a>)<\/p>\n\n\n\n<p>Elodie Boullart \u2013 assistante sociale (<a href=\"mailto:elodie.boullart@brucity.education\">elodie.boullart@brucity.education<\/a>)<\/p>\n\n\n\n<p>Vous trouverez \u00e9galement  ci-contre le courrier de la directrice de notre PMS, madame Anciaux, \u00e0 t\u00e9l\u00e9charger. <\/p>\n\n\n\n<div class=\"wp-block-file\"><a href=\"http:\/\/ipoweb.bruxelles.be\/primdachsbeck\/wp-content\/uploads\/2020\/04\/Courrier-Parents-PMS-Covid19.pdf\">Courrier Parents PMS Covid19<\/a><a href=\"http:\/\/ipoweb.bruxelles.be\/primdachsbeck\/wp-content\/uploads\/2020\/04\/Courrier-Parents-PMS-Covid19.pdf\" class=\"wp-block-file__button\" download>T\u00e9l\u00e9charger<\/a><\/div>\n","protected":false},"excerpt":{"rendered":"<p>Chers parents,&nbsp; En ces temps particuliers de confinement, l&rsquo;\u00e9quipe du CPMS de l&rsquo;\u00e9cole primaire Henriette Dachsbeck reste disponible pour vous et vos enfants. M\u00eame s\u2019il ne nous est plus possible de nous rendre \u00e0 l\u2019\u00e9cole ou de vous recevoir en entretien, nous restons joignables, et ce prioritairement par mail, ou en laissant un message sur [&hellip;]<\/p>\n","protected":false},"author":2,"featured_media":0,"comment_status":"closed","ping_status":"open","sticky":false,"template":"","format":"standard","meta":{"footnotes":""},"categories":[1],"tags":[],"jetpack_sharing_enabled":true,"jetpack_featured_media_url":"","_links":{"self":[{"href":"https:\/\/ipoweb.bruxelles.be\/primdachsbeck\/index.php?rest_route=\/wp\/v2\/posts\/597"}],"collection":[{"href":"https:\/\/ipoweb.bruxelles.be\/primdachsbeck\/index.php?rest_route=\/wp\/v2\/posts"}],"about":[{"href":"https:\/\/ipoweb.bruxelles.be\/primdachsbeck\/index.php?rest_route=\/wp\/v2\/types\/post"}],"author":[{"embeddable":true,"href":"https:\/\/ipoweb.bruxelles.be\/primdachsbeck\/index.php?rest_route=\/wp\/v2\/users\/2"}],"replies":[{"embeddable":true,"href":"https:\/\/ipoweb.bruxelles.be\/primdachsbeck\/index.php?rest_route=%2Fwp%2Fv2%2Fcomments&post=597"}],"version-history":[{"count":3,"href":"https:\/\/ipoweb.bruxelles.be\/primdachsbeck\/index.php?rest_route=\/wp\/v2\/posts\/597\/revisions"}],"predecessor-version":[{"id":613,"href":"https:\/\/ipoweb.bruxelles.be\/primdachsbeck\/index.php?rest_route=\/wp\/v2\/posts\/597\/revisions\/613"}],"wp:attachment":[{"href":"https:\/\/ipoweb.bruxelles.be\/primdachsbeck\/index.php?rest_route=%2Fwp%2Fv2%2Fmedia&parent=597"}],"wp:term":[{"taxonomy":"category","embeddable":true,"href":"https:\/\/ipoweb.bruxelles.be\/primdachsbeck\/index.php?rest_route=%2Fwp%2Fv2%2Fcategories&post=597"},{"taxonomy":"post_tag","embeddable":true,"href":"https:\/\/ipoweb.bruxelles.be\/primdachsbeck\/index.php?rest_route=%2Fwp%2Fv2%2Ftags&post=597"}],"curies":[{"name":"wp","href":"https:\/\/api.w.org\/{rel}","templated":true}]}}