{"id":634,"date":"2020-05-18T16:34:39","date_gmt":"2020-05-18T14:34:39","guid":{"rendered":"http:\/\/ipoweb.bruxelles.be\/primdachsbeck\/?p=634"},"modified":"2021-10-21T15:41:51","modified_gmt":"2021-10-21T13:41:51","slug":"rentree-du-25-mai","status":"publish","type":"post","link":"https:\/\/ipoweb.bruxelles.be\/primdachsbeck\/?p=634","title":{"rendered":"Rentr\u00e9e du 25 mai"},"content":{"rendered":"\n<p>Chers parents, voici un courrier des autorit\u00e9s de la Ville de Bruxelles concernant le retour de certains enfants \u00e0 l&rsquo;\u00e9cole. Les parents concern\u00e9s seront contact\u00e9s au plus tard ce mardi 19 mai.<\/p>\n\n\n\n<div class=\"wp-block-file\"><a href=\"http:\/\/ipoweb.bruxelles.be\/primdachsbeck\/wp-content\/uploads\/2020\/05\/lettre-parents-18-mai.pdf\">Courrier aux parents<\/a><a href=\"http:\/\/ipoweb.bruxelles.be\/primdachsbeck\/wp-content\/uploads\/2020\/05\/lettre-parents-18-mai.pdf\" class=\"wp-block-file__button\" download>T\u00e9l\u00e9charger<\/a><\/div>\n\n\n\n<p>N&rsquo;h\u00e9sitez pas \u00e0 me contacter pour toute question !<\/p>\n\n\n\n<p>Le Directeur<\/p>\n","protected":false},"excerpt":{"rendered":"<p>Chers parents, voici un courrier des autorit\u00e9s de la Ville de Bruxelles concernant le retour de certains enfants \u00e0 l&rsquo;\u00e9cole. Les parents concern\u00e9s seront contact\u00e9s au plus tard ce mardi 19 mai. N&rsquo;h\u00e9sitez pas \u00e0 me contacter pour toute question ! Le Directeur<\/p>\n","protected":false},"author":2,"featured_media":0,"comment_status":"closed","ping_status":"open","sticky":false,"template":"","format":"standard","meta":{"footnotes":""},"categories":[1],"tags":[],"jetpack_sharing_enabled":true,"jetpack_featured_media_url":"","_links":{"self":[{"href":"https:\/\/ipoweb.bruxelles.be\/primdachsbeck\/index.php?rest_route=\/wp\/v2\/posts\/634"}],"collection":[{"href":"https:\/\/ipoweb.bruxelles.be\/primdachsbeck\/index.php?rest_route=\/wp\/v2\/posts"}],"about":[{"href":"https:\/\/ipoweb.bruxelles.be\/primdachsbeck\/index.php?rest_route=\/wp\/v2\/types\/post"}],"author":[{"embeddable":true,"href":"https:\/\/ipoweb.bruxelles.be\/primdachsbeck\/index.php?rest_route=\/wp\/v2\/users\/2"}],"replies":[{"embeddable":true,"href":"https:\/\/ipoweb.bruxelles.be\/primdachsbeck\/index.php?rest_route=%2Fwp%2Fv2%2Fcomments&post=634"}],"version-history":[{"count":1,"href":"https:\/\/ipoweb.bruxelles.be\/primdachsbeck\/index.php?rest_route=\/wp\/v2\/posts\/634\/revisions"}],"predecessor-version":[{"id":635,"href":"https:\/\/ipoweb.bruxelles.be\/primdachsbeck\/index.php?rest_route=\/wp\/v2\/posts\/634\/revisions\/635"}],"wp:attachment":[{"href":"https:\/\/ipoweb.bruxelles.be\/primdachsbeck\/index.php?rest_route=%2Fwp%2Fv2%2Fmedia&parent=634"}],"wp:term":[{"taxonomy":"category","embeddable":true,"href":"https:\/\/ipoweb.bruxelles.be\/primdachsbeck\/index.php?rest_route=%2Fwp%2Fv2%2Fcategories&post=634"},{"taxonomy":"post_tag","embeddable":true,"href":"https:\/\/ipoweb.bruxelles.be\/primdachsbeck\/index.php?rest_route=%2Fwp%2Fv2%2Ftags&post=634"}],"curies":[{"name":"wp","href":"https:\/\/api.w.org\/{rel}","templated":true}]}}