{"id":636,"date":"2020-05-29T13:32:26","date_gmt":"2020-05-29T11:32:26","guid":{"rendered":"http:\/\/ipoweb.bruxelles.be\/primdachsbeck\/?p=636"},"modified":"2021-10-21T15:41:48","modified_gmt":"2021-10-21T13:41:48","slug":"retour-des-eleves","status":"publish","type":"post","link":"https:\/\/ipoweb.bruxelles.be\/primdachsbeck\/?p=636","title":{"rendered":"Sondage &#8211; Retour de votre enfant le 8 juin ?"},"content":{"rendered":"\n<p> <strong>URGENT<\/strong> <\/p>\n\n\n\n<p>Chers parents, pourriez-vous compl\u00e9ter ce formulaire (un formulaire par enfant svp !) au plus vite concernant le retour ou non de votre enfant \u00e0 partir du 8 juin ? R\u00e9ponse au plus tard pour mercredi 03 juin 9h00 svp ! <\/p>\n\n\n\n<p>Un grand merci pour votre aide ! <\/p>\n\n\n\n<p><a href=\"https:\/\/docs.google.com\/forms\/d\/e\/1FAIpQLSeZzkKnzvVxd8o88O8W98fKtGj_IjechCzyWsnzaAm_Ca3IyQ\/viewform\">https:\/\/docs.google.com\/forms\/d\/e\/1FAIpQLSeZzkKnzvVxd8o88O8W98fKtGj_IjechCzyWsnzaAm_Ca3IyQ\/viewform<\/a><\/p>\n\n\n\n<p>Le Directeur<\/p>\n","protected":false},"excerpt":{"rendered":"<p>URGENT Chers parents, pourriez-vous compl\u00e9ter ce formulaire (un formulaire par enfant svp !) au plus vite concernant le retour ou non de votre enfant \u00e0 partir du 8 juin ? R\u00e9ponse au plus tard pour mercredi 03 juin 9h00 svp ! Un grand merci pour votre aide ! https:\/\/docs.google.com\/forms\/d\/e\/1FAIpQLSeZzkKnzvVxd8o88O8W98fKtGj_IjechCzyWsnzaAm_Ca3IyQ\/viewform Le Directeur<\/p>\n","protected":false},"author":2,"featured_media":0,"comment_status":"closed","ping_status":"open","sticky":false,"template":"","format":"standard","meta":{"footnotes":""},"categories":[1],"tags":[],"jetpack_sharing_enabled":true,"jetpack_featured_media_url":"","_links":{"self":[{"href":"https:\/\/ipoweb.bruxelles.be\/primdachsbeck\/index.php?rest_route=\/wp\/v2\/posts\/636"}],"collection":[{"href":"https:\/\/ipoweb.bruxelles.be\/primdachsbeck\/index.php?rest_route=\/wp\/v2\/posts"}],"about":[{"href":"https:\/\/ipoweb.bruxelles.be\/primdachsbeck\/index.php?rest_route=\/wp\/v2\/types\/post"}],"author":[{"embeddable":true,"href":"https:\/\/ipoweb.bruxelles.be\/primdachsbeck\/index.php?rest_route=\/wp\/v2\/users\/2"}],"replies":[{"embeddable":true,"href":"https:\/\/ipoweb.bruxelles.be\/primdachsbeck\/index.php?rest_route=%2Fwp%2Fv2%2Fcomments&post=636"}],"version-history":[{"count":3,"href":"https:\/\/ipoweb.bruxelles.be\/primdachsbeck\/index.php?rest_route=\/wp\/v2\/posts\/636\/revisions"}],"predecessor-version":[{"id":640,"href":"https:\/\/ipoweb.bruxelles.be\/primdachsbeck\/index.php?rest_route=\/wp\/v2\/posts\/636\/revisions\/640"}],"wp:attachment":[{"href":"https:\/\/ipoweb.bruxelles.be\/primdachsbeck\/index.php?rest_route=%2Fwp%2Fv2%2Fmedia&parent=636"}],"wp:term":[{"taxonomy":"category","embeddable":true,"href":"https:\/\/ipoweb.bruxelles.be\/primdachsbeck\/index.php?rest_route=%2Fwp%2Fv2%2Fcategories&post=636"},{"taxonomy":"post_tag","embeddable":true,"href":"https:\/\/ipoweb.bruxelles.be\/primdachsbeck\/index.php?rest_route=%2Fwp%2Fv2%2Ftags&post=636"}],"curies":[{"name":"wp","href":"https:\/\/api.w.org\/{rel}","templated":true}]}}