{"id":641,"date":"2020-06-04T16:04:49","date_gmt":"2020-06-04T14:04:49","guid":{"rendered":"http:\/\/ipoweb.bruxelles.be\/primdachsbeck\/?p=641"},"modified":"2020-09-14T06:40:13","modified_gmt":"2020-09-14T04:40:13","slug":"consignes-8-juin","status":"publish","type":"post","link":"https:\/\/ipoweb.bruxelles.be\/primdachsbeck\/?p=641","title":{"rendered":"Consignes 8 juin"},"content":{"rendered":"\n<p>Chers Parents,<\/p>\n\n\n\n<p>Voici une s\u00e9rie d\u2019informations concernant le retour (non\nobligatoire) des enfants \u00e0 l\u2019\u00e9cole \u00e0 partir du 8 juin.<\/p>\n\n\n\n<p><strong>HORAIRE\nCOURS <\/strong><\/p>\n\n\n\n<p>Les cours se donneront du <strong>lundi\nau vendredi<\/strong>.&nbsp; Les enfants doivent\narriver entre&nbsp;:<\/p>\n\n\n\n<ul><li><strong>P1 \u2013 P2 \u2013\nP3 entre 8H10<\/strong> <strong>et 8h25<\/strong>\net repartiront \u00e0 <strong>14H30<\/strong> <strong>(mercredi 11h45)<\/strong><\/li><li><strong>P4 \u2013 P5\net P6 entre 8h25 et 8h40<\/strong> et repartiront <strong>14h45 (mercredi 12h00)<\/strong><\/li><\/ul>\n\n\n\n<p>Dans le cas o\u00f9 vous auriez plusieurs enfants, l\u2019horaire \u00e0\nsuivre pour les entr\u00e9es et les sorties est celui du plus jeune enfant.<\/p>\n\n\n\n<p><strong>CONSIGNES<\/strong><\/p>\n\n\n\n<p>L\u2019entr\u00e9e dans l\u2019\u00e9cole ne peut se faire \u00e0 plusieurs. Il\nconvient donc d\u2019attendre avant de rentrer en respectant la distanciation si on\naper\u00e7oit une personne devant la porte.<\/p>\n\n\n\n<p>Quand votre enfant entrera ou sortira de l\u2019\u00e9cole, il devra se\nd\u00e9sinfecter les mains \u00e0 l\u2019aide du gel hydro alcoolique fourni par l\u2019\u00e9cole. Vous\npouvez \u00e9galement fournir un petit bidon de gel personnel \u00e0 votre enfant si vous\nle d\u00e9sirez.<\/p>\n\n\n\n<p>A la fin des cours, si votre enfant rentre seul, il prendra\ndirectement le chemin de la maison.&nbsp; <strong>Il\nne lui est pas permis d\u2019attendre son(ses) camarade(s).<\/strong> <\/p>\n\n\n\n<p>Son groupe d\u2019\u00e9l\u00e8ves sera toujours compos\u00e9 de mani\u00e8re identique\net il occupera le m\u00eame local jusqu\u2019\u00e0 la fin du mois de juin.<\/p>\n\n\n\n<p>Un syst\u00e8me de tournante pour les r\u00e9cr\u00e9ations a \u00e9t\u00e9 mis en\nplace dans le but d\u2019\u00e9viter de m\u00e9langer les bulles de contact des enfants. <\/p>\n\n\n\n<p>Votre enfant devra apporter sa collation et son pique-nique\nqui seront pris en classe ou dans la cour si le temps le permet. Un lavage des\nmains (savon ou gel hydro alcoolique) sera obligatoire <strong>avant et apr\u00e8s<\/strong>\ncollation\/repas.<\/p>\n\n\n\n<p>Votre enfant devra \u00eatre en ordre de mat\u00e9riel.&nbsp; Le pr\u00eat est strictement interdit. <\/p>\n\n\n\n<p>Le passage aux toilettes se fera individuellement.<\/p>\n\n\n\n<p>Des lavages des mains seront effectu\u00e9s autant que n\u00e9cessaire\nen cours de journ\u00e9e. Tous les \u00e9l\u00e8ves et les membres du personnel doivent se\nlaver les mains (eau et savon ou gel hydro alcoolique) en entrant dans l&rsquo;\u00e9cole,\nen entrant dans la salle de classe (apr\u00e8s la r\u00e9cr\u00e9ation), apr\u00e8s \u00eatre all\u00e9 aux\ntoilettes, apr\u00e8s avoir touss\u00e9 ou \u00e9ternu\u00e9 et avant de quitter l&rsquo;\u00e9cole.<\/p>\n\n\n\n<p>Il est imp\u00e9rativement demand\u00e9 \u00e0 <strong>tous<\/strong> de respecter les consignes donn\u00e9es par les membres du\npersonnel de l\u2019\u00e9cole <strong>quels qu\u2019ils\nsoient<\/strong>.<\/p>\n\n\n\n<p>Aucun parent ne peut entrer dans l\u2019\u00e9cole<\/p>\n\n\n\n<p>Ne pas se pr\u00e9senter \u00e0 l\u2019\u00e9cole en\ncas d\u2019apparition d\u2019un des sympt\u00f4mes suivants chez votre enfant ou un membre de\nvotre famille : fi\u00e8vre, perte de l\u2019odorat et\/ou du go\u00fbt, forte sensation de\nfatigue, toux s\u00e8che, d\u00e9tresse respiratoire, maux de gorge, courbatures. Pr\u00e9venir\nl\u2019\u00e9cole si un membre de la famille ou votre enfant a pr\u00e9sent\u00e9 un de ces\nsympt\u00f4mes.<\/p>\n\n\n\n<p><strong>GARDERIE<\/strong><\/p>\n\n\n\n<p><strong>Attention&nbsp;: uniquement \u00e0 partir de 7h30 et jusqu\u2019\u00e0\nmaximum 17h30&nbsp;!<\/strong><\/p>\n\n\n\n<p>Nous demandons, dans la mesure du possible, <strong>d\u2019\u00e9viter de laisser vos enfants en garderie<\/strong>\npour \u00e9viter de devoir m\u00e9langer des \u00e9l\u00e8ves d\u2019ann\u00e9es diff\u00e9rentes.<\/p>\n\n\n\n<p>Je demeure \u00e0 votre \u00e9coute pour toute question et je vous\nremercie chaleureusement pour votre collaboration.<\/p>\n\n\n\n<p>Huygens\nGa\u00ebtan <\/p>\n\n\n\n<p>Directeur<\/p>\n","protected":false},"excerpt":{"rendered":"<p>Chers Parents, Voici une s\u00e9rie d\u2019informations concernant le retour (non obligatoire) des enfants \u00e0 l\u2019\u00e9cole \u00e0 partir du 8 juin. HORAIRE COURS Les cours se donneront du lundi au vendredi.&nbsp; Les enfants doivent arriver entre&nbsp;: P1 \u2013 P2 \u2013 P3 entre 8H10 et 8h25 et repartiront \u00e0 14H30 (mercredi 11h45) P4 \u2013 P5 et P6 [&hellip;]<\/p>\n","protected":false},"author":2,"featured_media":0,"comment_status":"closed","ping_status":"open","sticky":false,"template":"","format":"standard","meta":{"footnotes":""},"categories":[1],"tags":[],"jetpack_sharing_enabled":true,"jetpack_featured_media_url":"","_links":{"self":[{"href":"https:\/\/ipoweb.bruxelles.be\/primdachsbeck\/index.php?rest_route=\/wp\/v2\/posts\/641"}],"collection":[{"href":"https:\/\/ipoweb.bruxelles.be\/primdachsbeck\/index.php?rest_route=\/wp\/v2\/posts"}],"about":[{"href":"https:\/\/ipoweb.bruxelles.be\/primdachsbeck\/index.php?rest_route=\/wp\/v2\/types\/post"}],"author":[{"embeddable":true,"href":"https:\/\/ipoweb.bruxelles.be\/primdachsbeck\/index.php?rest_route=\/wp\/v2\/users\/2"}],"replies":[{"embeddable":true,"href":"https:\/\/ipoweb.bruxelles.be\/primdachsbeck\/index.php?rest_route=%2Fwp%2Fv2%2Fcomments&post=641"}],"version-history":[{"count":1,"href":"https:\/\/ipoweb.bruxelles.be\/primdachsbeck\/index.php?rest_route=\/wp\/v2\/posts\/641\/revisions"}],"predecessor-version":[{"id":642,"href":"https:\/\/ipoweb.bruxelles.be\/primdachsbeck\/index.php?rest_route=\/wp\/v2\/posts\/641\/revisions\/642"}],"wp:attachment":[{"href":"https:\/\/ipoweb.bruxelles.be\/primdachsbeck\/index.php?rest_route=%2Fwp%2Fv2%2Fmedia&parent=641"}],"wp:term":[{"taxonomy":"category","embeddable":true,"href":"https:\/\/ipoweb.bruxelles.be\/primdachsbeck\/index.php?rest_route=%2Fwp%2Fv2%2Fcategories&post=641"},{"taxonomy":"post_tag","embeddable":true,"href":"https:\/\/ipoweb.bruxelles.be\/primdachsbeck\/index.php?rest_route=%2Fwp%2Fv2%2Ftags&post=641"}],"curies":[{"name":"wp","href":"https:\/\/api.w.org\/{rel}","templated":true}]}}