{"id":643,"date":"2020-06-11T15:29:36","date_gmt":"2020-06-11T13:29:36","guid":{"rendered":"http:\/\/ipoweb.bruxelles.be\/primdachsbeck\/?p=643"},"modified":"2020-09-14T06:39:50","modified_gmt":"2020-09-14T04:39:50","slug":"message-de-m-van-der-hoeven-inspecteur","status":"publish","type":"post","link":"https:\/\/ipoweb.bruxelles.be\/primdachsbeck\/?p=643","title":{"rendered":"Message de M. Van Der Hoeven &#8211; Inspecteur"},"content":{"rendered":"\n<p><em>Madame,\nMonsieur, <\/em><em>Chers Parents,<\/em><em><\/em><\/p>\n\n\n\n<p><em>La Constitution donne aux parents, ou \u00e0 la personne investie\nde l&rsquo;autorit\u00e9 parentale, la possibilit\u00e9 de choisir\npour leur enfant entre le cours de morale non confessionnelle et les cours\nde religion catholique, protestante, orthodoxe, isra\u00e9lite et islamique. Vous\npouvez \u00e9galement demander que votre enfant\nsoit dispens\u00e9 de suivre\nl\u2019un de ces cours<\/em><em>2<\/em><em>. Dans\nce cas, l\u2019horaire de l\u2019\u00e9l\u00e8ve comprendra une seconde p\u00e9riode\ndu cours de philosophie\net de citoyennet\u00e9. Cette deuxi\u00e8me p\u00e9riode s\u2019ajoutera \u00e0 la p\u00e9riode de\nphilosophie et de citoyennet\u00e9 que suivent tous les \u00e9l\u00e8ves depuis l\u2019ann\u00e9e\nscolaire 2016-2017.<\/em><\/p>\n\n\n\n<p><em>Exceptionnellement, pour\nl\u2019ann\u00e9e scolaire 2020-2021, le choix effectu\u00e9\npour l\u2019ann\u00e9e scolaire 2019-2020 sera automatiquement reconduit.<\/em><\/p>\n\n\n\n<p><em>Toutefois, dans\nle cas o\u00f9 vous souhaitez modifier le choix\npour l\u2019ann\u00e9e scolaire\n2020-2021, vous \u00eates\ninvit\u00e9s \u00e0 <strong>contacter la\ndirection de l\u2019\u00e9cole primaire que fr\u00e9quentera votre enfant<\/strong> pour\nl\u2019ann\u00e9e scolaire 2020-2021, au plus tard le <\/em><strong><em>17 <\/em><\/strong><strong><em>juin<\/em><\/strong><strong><em> <\/em><\/strong><strong><em>2020<\/em><\/strong>.<\/p>\n\n\n\n<p><em>Je vous en remercie\nd\u2019avance.<\/em><\/p>\n\n\n\n<p>Patrick VAN DER HOEVEN, Inspecteur de l \u2019Enseignement fondamental<\/p>\n\n\n\n<p><\/p>\n","protected":false},"excerpt":{"rendered":"<p>Madame, Monsieur, Chers Parents, La Constitution donne aux parents, ou \u00e0 la personne investie de l&rsquo;autorit\u00e9 parentale, la possibilit\u00e9 de choisir pour leur enfant entre le cours de morale non confessionnelle et les cours de religion catholique, protestante, orthodoxe, isra\u00e9lite et islamique. Vous pouvez \u00e9galement demander que votre enfant soit dispens\u00e9 de suivre l\u2019un de [&hellip;]<\/p>\n","protected":false},"author":2,"featured_media":0,"comment_status":"closed","ping_status":"open","sticky":false,"template":"","format":"standard","meta":{"footnotes":""},"categories":[1],"tags":[],"jetpack_sharing_enabled":true,"jetpack_featured_media_url":"","_links":{"self":[{"href":"https:\/\/ipoweb.bruxelles.be\/primdachsbeck\/index.php?rest_route=\/wp\/v2\/posts\/643"}],"collection":[{"href":"https:\/\/ipoweb.bruxelles.be\/primdachsbeck\/index.php?rest_route=\/wp\/v2\/posts"}],"about":[{"href":"https:\/\/ipoweb.bruxelles.be\/primdachsbeck\/index.php?rest_route=\/wp\/v2\/types\/post"}],"author":[{"embeddable":true,"href":"https:\/\/ipoweb.bruxelles.be\/primdachsbeck\/index.php?rest_route=\/wp\/v2\/users\/2"}],"replies":[{"embeddable":true,"href":"https:\/\/ipoweb.bruxelles.be\/primdachsbeck\/index.php?rest_route=%2Fwp%2Fv2%2Fcomments&post=643"}],"version-history":[{"count":1,"href":"https:\/\/ipoweb.bruxelles.be\/primdachsbeck\/index.php?rest_route=\/wp\/v2\/posts\/643\/revisions"}],"predecessor-version":[{"id":644,"href":"https:\/\/ipoweb.bruxelles.be\/primdachsbeck\/index.php?rest_route=\/wp\/v2\/posts\/643\/revisions\/644"}],"wp:attachment":[{"href":"https:\/\/ipoweb.bruxelles.be\/primdachsbeck\/index.php?rest_route=%2Fwp%2Fv2%2Fmedia&parent=643"}],"wp:term":[{"taxonomy":"category","embeddable":true,"href":"https:\/\/ipoweb.bruxelles.be\/primdachsbeck\/index.php?rest_route=%2Fwp%2Fv2%2Fcategories&post=643"},{"taxonomy":"post_tag","embeddable":true,"href":"https:\/\/ipoweb.bruxelles.be\/primdachsbeck\/index.php?rest_route=%2Fwp%2Fv2%2Ftags&post=643"}],"curies":[{"name":"wp","href":"https:\/\/api.w.org\/{rel}","templated":true}]}}