{"id":645,"date":"2020-06-19T13:59:59","date_gmt":"2020-06-19T11:59:59","guid":{"rendered":"http:\/\/ipoweb.bruxelles.be\/primdachsbeck\/?p=645"},"modified":"2020-09-14T06:39:38","modified_gmt":"2020-09-14T04:39:38","slug":"organisation-de-la-fin-dannee-scolaire","status":"publish","type":"post","link":"https:\/\/ipoweb.bruxelles.be\/primdachsbeck\/?p=645","title":{"rendered":"ORGANISATION DE LA FIN D\u2019ANNEE SCOLAIRE"},"content":{"rendered":"\n<p>Madame,\nMonsieur,<\/p>\n\n\n\n<p>Chers parents,<\/p>\n\n\n\n<p>Comme vous le\nsavez, nous vivons une fin d\u2019ann\u00e9e particuli\u00e8re. A ce titre, nous n\u2019aurons\nmalheureusement pas la possibilit\u00e9 d\u2019organiser une r\u00e9union des parents pour\ncl\u00f4turer l\u2019ann\u00e9e, ni une remise des prix.<\/p>\n\n\n\n<p>Nous en sommes\nnavr\u00e9s, mais savons pouvoir compter sur votre compr\u00e9hension face \u00e0 cette\nsituation in\u00e9dite.<\/p>\n\n\n\n<p><strong>Les cours seront suspendus les journ\u00e9es du 29 et 30\njuin<\/strong> afin de permettre aux enseignants de cl\u00f4turer l\u2019ann\u00e9e\n(transmission des copies de bulletins, r\u00e9cup\u00e9ration des derni\u00e8res affaires des\n\u00e9l\u00e8ves, etc). Une garderie sera \u00e9videmment organis\u00e9e pour ceux qui ne\npourraient garder leurs enfants.<\/p>\n\n\n\n<p>Je veux, par la\npr\u00e9sente, vous remercier de la part de toute l\u2019\u00e9quipe, pour vos nombreux\nt\u00e9moignages de soutien et encouragements. Cela nous a aid\u00e9s \u00e0 traverser cette\n\u00e9preuve et nous a quotidiennement reboost\u00e9s.<\/p>\n\n\n\n<p>Je veux\n\u00e9galement remercier l\u2019ensemble de l\u2019\u00e9quipe \u00e9ducative pour leur remarquable\ncr\u00e9ativit\u00e9 et leur investissement au service des enfants durant ces mois difficiles.\nIls ont r\u00e9ussi le tour de force de s\u2019adapter en un temps record \u00e0 une situation\nparticuli\u00e8re afin de continuer \u00e0 soutenir les \u00e9l\u00e8ves dans leurs apprentissages.\nLa qualit\u00e9 et l\u2019enthousiasme qui les ont anim\u00e9s ont contribu\u00e9 \u00e0 rendre ce\nconfinement plus ludique et porteur de sens pour nos \u00e9l\u00e8ves. J\u2019en suis\nparticuli\u00e8rement fier.<\/p>\n\n\n\n<p>Je m\u2019en voudrais\nde ne pas mentionner et remercier l\u2019\u00e9quipe d\u2019entretien qui a pass\u00e9 de\nnombreuses heures \u00e0 assainir l\u2019\u00e9cole afin d\u2019accueillir les \u00e9l\u00e8ves et les\nadultes dans des conditions sanitaires drastiques. Je suis fier d\u2019avoir pu\ncompter sur leur soutien \u00e9galement.<\/p>\n\n\n\n<p>Enfin, je veux\nvous dire, malgr\u00e9 les craintes l\u00e9gitimes de tous, l\u2019infini plaisir d\u2019avoir pu\nretrouver, m\u00eame pour une courte dur\u00e9e, de nombreux \u00e9l\u00e8ves, leurs cris de joie\net leurs sourires. Nous esp\u00e9rons les retrouver tous avec le m\u00eame enthousiasme\nlors de la rentr\u00e9e prochaine de septembre.<\/p>\n\n\n\n<p>Je vous souhaite de tr\u00e8s belles vacances,&nbsp;&nbsp;&nbsp;&nbsp;&nbsp;&nbsp;&nbsp;&nbsp;&nbsp;&nbsp;&nbsp;&nbsp;&nbsp;<\/p>\n\n\n\n<p>Le Directeur &nbsp;&nbsp;&nbsp;&nbsp;&nbsp;&nbsp;&nbsp;&nbsp;&nbsp;&nbsp;&nbsp;&nbsp;&nbsp;&nbsp;&nbsp;&nbsp;&nbsp;&nbsp;&nbsp;&nbsp;&nbsp;&nbsp;&nbsp;&nbsp;&nbsp;&nbsp;&nbsp;&nbsp;&nbsp;&nbsp;&nbsp;&nbsp;&nbsp;&nbsp;&nbsp;&nbsp;&nbsp;&nbsp;&nbsp;&nbsp;&nbsp;&nbsp;&nbsp;&nbsp;&nbsp;&nbsp;&nbsp;&nbsp;&nbsp;&nbsp;&nbsp;&nbsp;&nbsp;&nbsp;&nbsp; <\/p>\n\n\n\n<p><\/p>\n\n\n\n<p>&nbsp;&nbsp;&nbsp;&nbsp;&nbsp;&nbsp;&nbsp;&nbsp;&nbsp;&nbsp;&nbsp;&nbsp;&nbsp;&nbsp;&nbsp;&nbsp;&nbsp;&nbsp;&nbsp;&nbsp;&nbsp;&nbsp;&nbsp;&nbsp;&nbsp;&nbsp;&nbsp;&nbsp;&nbsp;&nbsp;&nbsp;&nbsp;&nbsp;&nbsp;&nbsp;&nbsp;&nbsp;&nbsp;&nbsp;&nbsp;&nbsp;&nbsp;&nbsp;&nbsp;&nbsp;&nbsp;&nbsp;&nbsp;&nbsp;&nbsp;&nbsp;&nbsp;&nbsp;&nbsp;&nbsp;&nbsp;&nbsp;&nbsp;&nbsp;&nbsp;&nbsp;&nbsp;&nbsp;&nbsp;&nbsp;&nbsp;&nbsp;&nbsp;&nbsp;&nbsp;&nbsp;&nbsp;&nbsp;&nbsp;&nbsp;&nbsp;&nbsp;&nbsp;&nbsp;&nbsp;&nbsp;&nbsp;&nbsp;&nbsp;&nbsp;&nbsp;&nbsp;&nbsp;&nbsp;&nbsp;&nbsp;&nbsp;&nbsp;&nbsp;&nbsp;&nbsp;&nbsp;&nbsp;&nbsp;&nbsp;&nbsp;&nbsp;&nbsp;&nbsp;&nbsp;&nbsp;&nbsp;&nbsp;&nbsp;&nbsp;&nbsp;&nbsp;&nbsp;&nbsp;&nbsp;&nbsp;&nbsp;&nbsp;&nbsp;&nbsp;&nbsp;&nbsp;&nbsp;&nbsp;&nbsp;&nbsp;&nbsp;&nbsp;&nbsp; <\/p>\n","protected":false},"excerpt":{"rendered":"<p>Madame, Monsieur, Chers parents, Comme vous le savez, nous vivons une fin d\u2019ann\u00e9e particuli\u00e8re. A ce titre, nous n\u2019aurons malheureusement pas la possibilit\u00e9 d\u2019organiser une r\u00e9union des parents pour cl\u00f4turer l\u2019ann\u00e9e, ni une remise des prix. Nous en sommes navr\u00e9s, mais savons pouvoir compter sur votre compr\u00e9hension face \u00e0 cette situation in\u00e9dite. Les cours seront [&hellip;]<\/p>\n","protected":false},"author":2,"featured_media":0,"comment_status":"closed","ping_status":"open","sticky":false,"template":"","format":"standard","meta":{"footnotes":""},"categories":[1],"tags":[],"jetpack_sharing_enabled":true,"jetpack_featured_media_url":"","_links":{"self":[{"href":"https:\/\/ipoweb.bruxelles.be\/primdachsbeck\/index.php?rest_route=\/wp\/v2\/posts\/645"}],"collection":[{"href":"https:\/\/ipoweb.bruxelles.be\/primdachsbeck\/index.php?rest_route=\/wp\/v2\/posts"}],"about":[{"href":"https:\/\/ipoweb.bruxelles.be\/primdachsbeck\/index.php?rest_route=\/wp\/v2\/types\/post"}],"author":[{"embeddable":true,"href":"https:\/\/ipoweb.bruxelles.be\/primdachsbeck\/index.php?rest_route=\/wp\/v2\/users\/2"}],"replies":[{"embeddable":true,"href":"https:\/\/ipoweb.bruxelles.be\/primdachsbeck\/index.php?rest_route=%2Fwp%2Fv2%2Fcomments&post=645"}],"version-history":[{"count":2,"href":"https:\/\/ipoweb.bruxelles.be\/primdachsbeck\/index.php?rest_route=\/wp\/v2\/posts\/645\/revisions"}],"predecessor-version":[{"id":665,"href":"https:\/\/ipoweb.bruxelles.be\/primdachsbeck\/index.php?rest_route=\/wp\/v2\/posts\/645\/revisions\/665"}],"wp:attachment":[{"href":"https:\/\/ipoweb.bruxelles.be\/primdachsbeck\/index.php?rest_route=%2Fwp%2Fv2%2Fmedia&parent=645"}],"wp:term":[{"taxonomy":"category","embeddable":true,"href":"https:\/\/ipoweb.bruxelles.be\/primdachsbeck\/index.php?rest_route=%2Fwp%2Fv2%2Fcategories&post=645"},{"taxonomy":"post_tag","embeddable":true,"href":"https:\/\/ipoweb.bruxelles.be\/primdachsbeck\/index.php?rest_route=%2Fwp%2Fv2%2Ftags&post=645"}],"curies":[{"name":"wp","href":"https:\/\/api.w.org\/{rel}","templated":true}]}}