{"id":647,"date":"2020-06-26T08:05:20","date_gmt":"2020-06-26T06:05:20","guid":{"rendered":"http:\/\/ipoweb.bruxelles.be\/primdachsbeck\/?p=647"},"modified":"2021-10-21T15:41:45","modified_gmt":"2021-10-21T13:41:45","slug":"liste-du-materiel-2020-2021","status":"publish","type":"post","link":"https:\/\/ipoweb.bruxelles.be\/primdachsbeck\/?p=647","title":{"rendered":"Liste du mat\u00e9riel 2020 &#8211; 2021"},"content":{"rendered":"\n<p>Chers parents,<\/p>\n\n\n\n<p>voici un lien vers les listes du mat\u00e9riel de l&rsquo;ann\u00e9e scolaire 2020-2021 pour chacune des classes.<\/p>\n\n\n\n<p>Nous sommes sinc\u00e8rement navr\u00e9s, mais \u00e9tant donn\u00e9 l&rsquo;\u00e9pid\u00e9mie de Covid19, il n&rsquo;est pas possible de mettre en place le traditionnel colis scolaire.<\/p>\n\n\n\n<p>Les listes se trouvent au format PDF via le lien suivant : <\/p>\n\n\n\n<p><a href=\"https:\/\/drive.google.com\/drive\/folders\/1vmotqzp76pRAvSUshKxIeD_lXc5VWElC?usp=sharing\">https:\/\/drive.google.com\/drive\/folders\/1vmotqzp76pRAvSUshKxIeD_lXc5VWElC?usp=sharing<\/a><\/p>\n\n\n\n<p>Merci pour votre compr\u00e9hension,<\/p>\n\n\n\n<p>                                                                               Le Directeur<\/p>\n","protected":false},"excerpt":{"rendered":"<p>Chers parents, voici un lien vers les listes du mat\u00e9riel de l&rsquo;ann\u00e9e scolaire 2020-2021 pour chacune des classes. Nous sommes sinc\u00e8rement navr\u00e9s, mais \u00e9tant donn\u00e9 l&rsquo;\u00e9pid\u00e9mie de Covid19, il n&rsquo;est pas possible de mettre en place le traditionnel colis scolaire. Les listes se trouvent au format PDF via le lien suivant : https:\/\/drive.google.com\/drive\/folders\/1vmotqzp76pRAvSUshKxIeD_lXc5VWElC?usp=sharing Merci pour [&hellip;]<\/p>\n","protected":false},"author":2,"featured_media":0,"comment_status":"closed","ping_status":"open","sticky":false,"template":"","format":"standard","meta":{"footnotes":""},"categories":[1],"tags":[],"jetpack_sharing_enabled":true,"jetpack_featured_media_url":"","_links":{"self":[{"href":"https:\/\/ipoweb.bruxelles.be\/primdachsbeck\/index.php?rest_route=\/wp\/v2\/posts\/647"}],"collection":[{"href":"https:\/\/ipoweb.bruxelles.be\/primdachsbeck\/index.php?rest_route=\/wp\/v2\/posts"}],"about":[{"href":"https:\/\/ipoweb.bruxelles.be\/primdachsbeck\/index.php?rest_route=\/wp\/v2\/types\/post"}],"author":[{"embeddable":true,"href":"https:\/\/ipoweb.bruxelles.be\/primdachsbeck\/index.php?rest_route=\/wp\/v2\/users\/2"}],"replies":[{"embeddable":true,"href":"https:\/\/ipoweb.bruxelles.be\/primdachsbeck\/index.php?rest_route=%2Fwp%2Fv2%2Fcomments&post=647"}],"version-history":[{"count":1,"href":"https:\/\/ipoweb.bruxelles.be\/primdachsbeck\/index.php?rest_route=\/wp\/v2\/posts\/647\/revisions"}],"predecessor-version":[{"id":648,"href":"https:\/\/ipoweb.bruxelles.be\/primdachsbeck\/index.php?rest_route=\/wp\/v2\/posts\/647\/revisions\/648"}],"wp:attachment":[{"href":"https:\/\/ipoweb.bruxelles.be\/primdachsbeck\/index.php?rest_route=%2Fwp%2Fv2%2Fmedia&parent=647"}],"wp:term":[{"taxonomy":"category","embeddable":true,"href":"https:\/\/ipoweb.bruxelles.be\/primdachsbeck\/index.php?rest_route=%2Fwp%2Fv2%2Fcategories&post=647"},{"taxonomy":"post_tag","embeddable":true,"href":"https:\/\/ipoweb.bruxelles.be\/primdachsbeck\/index.php?rest_route=%2Fwp%2Fv2%2Ftags&post=647"}],"curies":[{"name":"wp","href":"https:\/\/api.w.org\/{rel}","templated":true}]}}