{"id":650,"date":"2020-08-27T12:04:57","date_gmt":"2020-08-27T10:04:57","guid":{"rendered":"http:\/\/ipoweb.bruxelles.be\/primdachsbeck\/?p=650"},"modified":"2021-10-21T15:41:46","modified_gmt":"2021-10-21T13:41:46","slug":"cest-la-rentree","status":"publish","type":"post","link":"https:\/\/ipoweb.bruxelles.be\/primdachsbeck\/?p=650","title":{"rendered":"C&rsquo;est la rentr\u00e9e !"},"content":{"rendered":"\n<p>Chers parents, <\/p>\n\n\n\n<p>La rentr\u00e9e de septembre se fera en code jaune.<\/p>\n\n\n\n<p>Cela signifie que les \u00e9coliers de maternelle et de primaire iront en classe normalement, cinq jours par semaine.<\/p>\n\n\n\n<p>D\u00e8s le 1er septembre, l\u2019obligation scolaire sera pleinement d\u2019application pour tous les enfants \u00e0 partir de 5 ans. La rentr\u00e9e aura donc bien lieu pour tous m\u00eame si des mesures de s\u00e9curit\u00e9 resteront d\u2019application. Tous les \u00e9l\u00e8ves assisteront aux cours chaque jour de la semaine et les garderies reprendront normalement. <\/p>\n\n\n\n<p>Les horaires de l&rsquo;\u00e9cole ne changeront pas.<\/p>\n\n\n\n<p><strong>Matin<\/strong><\/p>\n\n\n\n<ul><li>Garderie de 7h00 \u00e0 8h00. Fermeture des portes \u00e0<strong> 8h20.<\/strong><\/li><\/ul>\n\n\n\n<p><strong>Fin de journ\u00e9e<\/strong> <\/p>\n\n\n\n<ul><li>Lundi &#8211; mardi &#8211; jeudi &#8211; Sortie des \u00e9l\u00e8ves de 15h20 \u00e0 15h35. Garderie jusqu&rsquo;\u00e0 18h00.<\/li><\/ul>\n\n\n\n<ul><li>Mercredi &#8211; Sortie des \u00e9l\u00e8ves de 12h00 \u00e0 12h15 &#8211; Garderie jusqu&rsquo;\u00e0 18h00.<\/li><\/ul>\n\n\n\n<ul><li>Vendredi &#8211; Sortie des \u00e9l\u00e8ves de 15h00 \u00e0 15h15 &#8211; Garderie jusqu&rsquo;\u00e0 18h00.<\/li><\/ul>\n\n\n\n<p><strong>Organisation des sorties <\/strong><\/p>\n\n\n\n<p>Nous proc\u00e9derons \u00e0 une sortie diff\u00e9rente des autres ann\u00e9es afin de limiter le nombre d&rsquo;adultes concentr\u00e9s au m\u00eame endroit. Les enfants qui rentrent seuls sortiront en premier lieu. Les \u00e9l\u00e8ves, en commen\u00e7ant par les 6\u00e8mes primaires, sortiront classe par classe et seront r\u00e9cup\u00e9r\u00e9s par leurs parents \u00e0 la sortie. Lorsque la sortie sera termin\u00e9e, les parents qui n&rsquo;auraient pas encore r\u00e9cup\u00e9r\u00e9 leur enfant ou les parents d&rsquo;enfants \u00e0 la garderie seront autoris\u00e9s \u00e0 entrer dans l&rsquo;\u00e9cole avec <strong>port du masque obligatoire.<\/strong> La sortie prendra plus de temps que d&rsquo;habitude, nous esp\u00e9rons pouvoir compter sur votre compr\u00e9hension par rapport \u00e0 cette situation particuli\u00e8re que nous traversons tous.<\/p>\n\n\n\n<p>Attention, il n&rsquo;y aura pas de repas chauds avant le 10 septembre!<strong> Il faut pr\u00e9voir un pique-nique.<\/strong><\/p>\n\n\n\n<p>D&rsquo;avance je me r\u00e9jouis de vous retrouver tous,<\/p>\n\n\n\n<p>Le Directeur<\/p>\n","protected":false},"excerpt":{"rendered":"<p>Chers parents, La rentr\u00e9e de septembre se fera en code jaune. Cela signifie que les \u00e9coliers de maternelle et de primaire iront en classe normalement, cinq jours par semaine. D\u00e8s le 1er septembre, l\u2019obligation scolaire sera pleinement d\u2019application pour tous les enfants \u00e0 partir de 5 ans. La rentr\u00e9e aura donc bien lieu pour tous [&hellip;]<\/p>\n","protected":false},"author":2,"featured_media":0,"comment_status":"closed","ping_status":"open","sticky":false,"template":"","format":"standard","meta":{"footnotes":""},"categories":[1],"tags":[],"jetpack_sharing_enabled":true,"jetpack_featured_media_url":"","_links":{"self":[{"href":"https:\/\/ipoweb.bruxelles.be\/primdachsbeck\/index.php?rest_route=\/wp\/v2\/posts\/650"}],"collection":[{"href":"https:\/\/ipoweb.bruxelles.be\/primdachsbeck\/index.php?rest_route=\/wp\/v2\/posts"}],"about":[{"href":"https:\/\/ipoweb.bruxelles.be\/primdachsbeck\/index.php?rest_route=\/wp\/v2\/types\/post"}],"author":[{"embeddable":true,"href":"https:\/\/ipoweb.bruxelles.be\/primdachsbeck\/index.php?rest_route=\/wp\/v2\/users\/2"}],"replies":[{"embeddable":true,"href":"https:\/\/ipoweb.bruxelles.be\/primdachsbeck\/index.php?rest_route=%2Fwp%2Fv2%2Fcomments&post=650"}],"version-history":[{"count":2,"href":"https:\/\/ipoweb.bruxelles.be\/primdachsbeck\/index.php?rest_route=\/wp\/v2\/posts\/650\/revisions"}],"predecessor-version":[{"id":652,"href":"https:\/\/ipoweb.bruxelles.be\/primdachsbeck\/index.php?rest_route=\/wp\/v2\/posts\/650\/revisions\/652"}],"wp:attachment":[{"href":"https:\/\/ipoweb.bruxelles.be\/primdachsbeck\/index.php?rest_route=%2Fwp%2Fv2%2Fmedia&parent=650"}],"wp:term":[{"taxonomy":"category","embeddable":true,"href":"https:\/\/ipoweb.bruxelles.be\/primdachsbeck\/index.php?rest_route=%2Fwp%2Fv2%2Fcategories&post=650"},{"taxonomy":"post_tag","embeddable":true,"href":"https:\/\/ipoweb.bruxelles.be\/primdachsbeck\/index.php?rest_route=%2Fwp%2Fv2%2Ftags&post=650"}],"curies":[{"name":"wp","href":"https:\/\/api.w.org\/{rel}","templated":true}]}}