{"id":663,"date":"2020-09-14T06:38:47","date_gmt":"2020-09-14T04:38:47","guid":{"rendered":"http:\/\/ipoweb.bruxelles.be\/primdachsbeck\/?p=663"},"modified":"2021-10-21T15:41:39","modified_gmt":"2021-10-21T13:41:39","slug":"enquete-utilisation-du-numerique","status":"publish","type":"post","link":"https:\/\/ipoweb.bruxelles.be\/primdachsbeck\/?p=663","title":{"rendered":"Enqu\u00eate utilisation du num\u00e9rique"},"content":{"rendered":"\n<p>Chers parents,<\/p>\n\n\n\n<p>le contexte de la pand\u00e9mie Covid de ces derniers mois nous a demand\u00e9 de nous r\u00e9organiser notamment durant le confinement. Nous, professeurs et parents, avons d\u00fb recourir aux outils du num\u00e9rique sans y \u00eatre pr\u00e9par\u00e9s comme nous le souhaitions. Je veux encore remercier l&rsquo;\u00e9quipe \u00e9ducative pour sa remarquable capacit\u00e9 d&rsquo;adaptation face \u00e0 une situation in\u00e9dite. Dans ce contexte, il serait particuli\u00e8rement utile que vous compl\u00e9tiez l&rsquo;enqu\u00eate ci-contre en cliquant sur le lien:<\/p>\n\n\n\n<p><a href=\"https:\/\/forms.gle\/LYLTNC4g6CGi6wZS9\">https:\/\/forms.gle\/LYLTNC4g6CGi6wZS9<\/a><\/p>\n\n\n\n<p>D&rsquo;avance un grand merci !<\/p>\n","protected":false},"excerpt":{"rendered":"<p>Chers parents, le contexte de la pand\u00e9mie Covid de ces derniers mois nous a demand\u00e9 de nous r\u00e9organiser notamment durant le confinement. Nous, professeurs et parents, avons d\u00fb recourir aux outils du num\u00e9rique sans y \u00eatre pr\u00e9par\u00e9s comme nous le souhaitions. Je veux encore remercier l&rsquo;\u00e9quipe \u00e9ducative pour sa remarquable capacit\u00e9 d&rsquo;adaptation face \u00e0 une [&hellip;]<\/p>\n","protected":false},"author":2,"featured_media":0,"comment_status":"closed","ping_status":"open","sticky":false,"template":"","format":"standard","meta":{"footnotes":""},"categories":[1],"tags":[],"jetpack_sharing_enabled":true,"jetpack_featured_media_url":"","_links":{"self":[{"href":"https:\/\/ipoweb.bruxelles.be\/primdachsbeck\/index.php?rest_route=\/wp\/v2\/posts\/663"}],"collection":[{"href":"https:\/\/ipoweb.bruxelles.be\/primdachsbeck\/index.php?rest_route=\/wp\/v2\/posts"}],"about":[{"href":"https:\/\/ipoweb.bruxelles.be\/primdachsbeck\/index.php?rest_route=\/wp\/v2\/types\/post"}],"author":[{"embeddable":true,"href":"https:\/\/ipoweb.bruxelles.be\/primdachsbeck\/index.php?rest_route=\/wp\/v2\/users\/2"}],"replies":[{"embeddable":true,"href":"https:\/\/ipoweb.bruxelles.be\/primdachsbeck\/index.php?rest_route=%2Fwp%2Fv2%2Fcomments&post=663"}],"version-history":[{"count":1,"href":"https:\/\/ipoweb.bruxelles.be\/primdachsbeck\/index.php?rest_route=\/wp\/v2\/posts\/663\/revisions"}],"predecessor-version":[{"id":664,"href":"https:\/\/ipoweb.bruxelles.be\/primdachsbeck\/index.php?rest_route=\/wp\/v2\/posts\/663\/revisions\/664"}],"wp:attachment":[{"href":"https:\/\/ipoweb.bruxelles.be\/primdachsbeck\/index.php?rest_route=%2Fwp%2Fv2%2Fmedia&parent=663"}],"wp:term":[{"taxonomy":"category","embeddable":true,"href":"https:\/\/ipoweb.bruxelles.be\/primdachsbeck\/index.php?rest_route=%2Fwp%2Fv2%2Fcategories&post=663"},{"taxonomy":"post_tag","embeddable":true,"href":"https:\/\/ipoweb.bruxelles.be\/primdachsbeck\/index.php?rest_route=%2Fwp%2Fv2%2Ftags&post=663"}],"curies":[{"name":"wp","href":"https:\/\/api.w.org\/{rel}","templated":true}]}}