{"id":686,"date":"2020-11-13T11:31:27","date_gmt":"2020-11-13T10:31:27","guid":{"rendered":"http:\/\/ipoweb.bruxelles.be\/primdachsbeck\/?p=686"},"modified":"2020-11-24T14:41:07","modified_gmt":"2020-11-24T13:41:07","slug":"lunch-box-a-la-place-du-repas-chaud","status":"publish","type":"post","link":"https:\/\/ipoweb.bruxelles.be\/primdachsbeck\/?p=686","title":{"rendered":"Lunch box \u00e0 la place du repas chaud"},"content":{"rendered":"\n<p><strong>AVIS POUR LES ENFANTS DU REPAS CHAUD<\/strong><\/p>\n\n\n\n<p><br> Chers parents,<br> La situation particuli\u00e8re que nous traversons depuis le mois de mars nous oblige \u00e0 adapter en permanence notre service en fonction des mesures sanitaires d\u00e9cid\u00e9es par les diff\u00e9rentes autorit\u00e9s.<br>La Ville de Bruxelles, en collaboration avec Les Cuisines Bruxelloises, souhaite maintenir une offre alimentaire \u00e0 destination de vos enfants lorsque cela s\u2019av\u00e8re possible.<br>C\u2019est pourquoi une alternative au service actuel de repas chauds sera propos\u00e9e aux \u00e9l\u00e8ves du primaire.<br>Celle-ci sera compos\u00e9e d\u2019un potage, d\u2019un \u00ab lunch box \u00bb individuel \u00bb et d\u2019un dessert.<br>Ce repas pourra \u00eatre pris dans la classe si les dimensions du r\u00e9fectoire ne permettent pas d\u2019accueillir les \u00e9l\u00e8ves dans le respect des consignes sanitaires.<br>Conform\u00e9ment au r\u00e8glement liant les Cuisines Bruxelloises et les parents, sans avis contraire de votre part, nous consid\u00e9rerons que les enfants inscrits aux repas scolaires recevront l\u2019alternative propos\u00e9e et ce au m\u00eame tarif.<br>Toutefois, les parents restent libres d\u2019adh\u00e9rer \u00e0 cette formule. Dans le cas o\u00f9 vous ne souhaitez pas de l\u2019alternative propos\u00e9e en \u00ab lunch box \u00bb nous vous prions de bien vouloir nous en informer en adressant un courriel aux Cuisines bruxelloises \u00e0 l\u2019adresse lcb-dbk@restobru.be, en nous contactant par t\u00e9l\u00e9phone au 02\/512.24.87 ou en d\u00e9commandant les repas en ligne avant le 17 novembre \u00e0 16 H 00. La livraison des \u00ab lunch box \u00bb d\u00e9butera<br>le jeudi 19 novembre.<br>Si vous proc\u00e9dez \u00e0 cette d\u00e9sinscription, vous devrez fournir un pique-nique \u00e0 votre enfant.<br>En vous souhaitant bonne r\u00e9ception de la pr\u00e9sente, nous vous prions d\u2019agr\u00e9er, Chers Parents, l\u2019expression de notre parfaite consid\u00e9ration.<br> <\/p>\n\n\n\n<p>Jos\u00e9 ORRICO Directeur G\u00e9n\u00e9ral &#8211; Les Cuisines Bruxelloises <br> Emilie Dupont Directrice g\u00e9n\u00e9rale D\u00e9partement Instruction publique<\/p>\n","protected":false},"excerpt":{"rendered":"<p>AVIS POUR LES ENFANTS DU REPAS CHAUD Chers parents, La situation particuli\u00e8re que nous traversons depuis le mois de mars nous oblige \u00e0 adapter en permanence notre service en fonction des mesures sanitaires d\u00e9cid\u00e9es par les diff\u00e9rentes autorit\u00e9s.La Ville de Bruxelles, en collaboration avec Les Cuisines Bruxelloises, souhaite maintenir une offre alimentaire \u00e0 destination de [&hellip;]<\/p>\n","protected":false},"author":2,"featured_media":0,"comment_status":"closed","ping_status":"open","sticky":false,"template":"","format":"standard","meta":{"footnotes":""},"categories":[1],"tags":[],"jetpack_sharing_enabled":true,"jetpack_featured_media_url":"","_links":{"self":[{"href":"https:\/\/ipoweb.bruxelles.be\/primdachsbeck\/index.php?rest_route=\/wp\/v2\/posts\/686"}],"collection":[{"href":"https:\/\/ipoweb.bruxelles.be\/primdachsbeck\/index.php?rest_route=\/wp\/v2\/posts"}],"about":[{"href":"https:\/\/ipoweb.bruxelles.be\/primdachsbeck\/index.php?rest_route=\/wp\/v2\/types\/post"}],"author":[{"embeddable":true,"href":"https:\/\/ipoweb.bruxelles.be\/primdachsbeck\/index.php?rest_route=\/wp\/v2\/users\/2"}],"replies":[{"embeddable":true,"href":"https:\/\/ipoweb.bruxelles.be\/primdachsbeck\/index.php?rest_route=%2Fwp%2Fv2%2Fcomments&post=686"}],"version-history":[{"count":2,"href":"https:\/\/ipoweb.bruxelles.be\/primdachsbeck\/index.php?rest_route=\/wp\/v2\/posts\/686\/revisions"}],"predecessor-version":[{"id":688,"href":"https:\/\/ipoweb.bruxelles.be\/primdachsbeck\/index.php?rest_route=\/wp\/v2\/posts\/686\/revisions\/688"}],"wp:attachment":[{"href":"https:\/\/ipoweb.bruxelles.be\/primdachsbeck\/index.php?rest_route=%2Fwp%2Fv2%2Fmedia&parent=686"}],"wp:term":[{"taxonomy":"category","embeddable":true,"href":"https:\/\/ipoweb.bruxelles.be\/primdachsbeck\/index.php?rest_route=%2Fwp%2Fv2%2Fcategories&post=686"},{"taxonomy":"post_tag","embeddable":true,"href":"https:\/\/ipoweb.bruxelles.be\/primdachsbeck\/index.php?rest_route=%2Fwp%2Fv2%2Ftags&post=686"}],"curies":[{"name":"wp","href":"https:\/\/api.w.org\/{rel}","templated":true}]}}