{"id":699,"date":"2021-01-11T09:36:02","date_gmt":"2021-01-11T08:36:02","guid":{"rendered":"http:\/\/ipoweb.bruxelles.be\/primdachsbeck\/?p=699"},"modified":"2023-10-17T10:09:29","modified_gmt":"2023-10-17T08:09:29","slug":"inscription-en-secondaire","status":"publish","type":"post","link":"https:\/\/ipoweb.bruxelles.be\/primdachsbeck\/?p=699","title":{"rendered":"Inscription en secondaire"},"content":{"rendered":"\n<p>Chers parents,<\/p>\n\n\n\n<p>les documents pour inscrire votre enfant sont arriv\u00e9s \u00e0 l&rsquo;\u00e9cole. Nous ne pouvons pas les donner aux enfants, il faut qu&rsquo;un adulte responsable vienne les chercher en mains propres. Le secr\u00e9tariat vous a propos\u00e9 un moment de rendez-vous dans l&rsquo;avis ad\u00e9quat distribu\u00e9 ce mercredi.<\/p>\n\n\n\n<p>La proc\u00e9dure d&rsquo;inscription peut s&rsquo;av\u00e9rer compliqu\u00e9e \u00e0 comprendre. Un \u00ab\u00a0mode d&#8217;emploi\u00a0\u00bb est fourni avec les documents que vous viendrez chercher. Vous trouverez \u00e9galement ci-contre deux vid\u00e9os explicatives. Attention les dates ne correspondent plus pour la 2\u00e8me car elle a \u00e9t\u00e9 r\u00e9alis\u00e9e l&rsquo;ann\u00e9e derni\u00e8re. Le principe reste cependant totalement identique.<\/p>\n\n\n\n<p>Si toutefois, vous aviez des questions ou des inqui\u00e9tudes, n&rsquo;h\u00e9sitez pas \u00e0 laisser un commentaire ci-contre ou prendre contact avec moi via mon adresse email <strong>gaetan.huygens@brucity.education<\/strong>, nous prendrons un rendez-vous le cas \u00e9ch\u00e9ant.<\/p>\n\n\n\n<p>Pour rappel, notre centre PMS est \u00e9galement disponible pour toute question relative \u00e0 l&rsquo;orientation future de vos enfants. Cela est un service gratuit et confidentiel.  <strong>T\u00e9l\u00e9phone : 02\/279 63 00 ou email sec.pms1@brucity.education<\/strong> . <\/p>\n\n\n\n<figure class=\"wp-block-embed-youtube wp-block-embed is-type-video is-provider-youtube wp-embed-aspect-16-9 wp-has-aspect-ratio\"><div class=\"wp-block-embed__wrapper\">\n<iframe loading=\"lazy\" title=\"Inscriptions en premi\u00e8re secondaire pour l&#039;ann\u00e9e 2023-2024\" width=\"648\" height=\"365\" src=\"https:\/\/www.youtube.com\/embed\/mjWdfoaO8D4?feature=oembed\" frameborder=\"0\" allow=\"accelerometer; autoplay; clipboard-write; encrypted-media; gyroscope; picture-in-picture; web-share\" allowfullscreen><\/iframe>\n<\/div><\/figure>\n\n\n\n<figure class=\"wp-block-embed-youtube wp-block-embed is-type-video is-provider-youtube wp-embed-aspect-16-9 wp-has-aspect-ratio\"><div class=\"wp-block-embed__wrapper\">\n<iframe loading=\"lazy\" title=\"Comment inscrire son enfant en premi\u00e8re secondaire\" width=\"648\" height=\"365\" src=\"https:\/\/www.youtube.com\/embed\/ejz1MnMOTW4?feature=oembed\" frameborder=\"0\" allow=\"accelerometer; autoplay; clipboard-write; encrypted-media; gyroscope; picture-in-picture\" allowfullscreen><\/iframe>\n<\/div><\/figure>\n","protected":false},"excerpt":{"rendered":"<p>Chers parents, les documents pour inscrire votre enfant sont arriv\u00e9s \u00e0 l&rsquo;\u00e9cole. Nous ne pouvons pas les donner aux enfants, il faut qu&rsquo;un adulte responsable vienne les chercher en mains propres. Le secr\u00e9tariat vous a propos\u00e9 un moment de rendez-vous dans l&rsquo;avis ad\u00e9quat distribu\u00e9 ce mercredi. La proc\u00e9dure d&rsquo;inscription peut s&rsquo;av\u00e9rer compliqu\u00e9e \u00e0 comprendre. Un [&hellip;]<\/p>\n","protected":false},"author":2,"featured_media":0,"comment_status":"closed","ping_status":"open","sticky":false,"template":"","format":"standard","meta":{"footnotes":""},"categories":[1],"tags":[],"jetpack_sharing_enabled":true,"jetpack_featured_media_url":"","_links":{"self":[{"href":"https:\/\/ipoweb.bruxelles.be\/primdachsbeck\/index.php?rest_route=\/wp\/v2\/posts\/699"}],"collection":[{"href":"https:\/\/ipoweb.bruxelles.be\/primdachsbeck\/index.php?rest_route=\/wp\/v2\/posts"}],"about":[{"href":"https:\/\/ipoweb.bruxelles.be\/primdachsbeck\/index.php?rest_route=\/wp\/v2\/types\/post"}],"author":[{"embeddable":true,"href":"https:\/\/ipoweb.bruxelles.be\/primdachsbeck\/index.php?rest_route=\/wp\/v2\/users\/2"}],"replies":[{"embeddable":true,"href":"https:\/\/ipoweb.bruxelles.be\/primdachsbeck\/index.php?rest_route=%2Fwp%2Fv2%2Fcomments&post=699"}],"version-history":[{"count":5,"href":"https:\/\/ipoweb.bruxelles.be\/primdachsbeck\/index.php?rest_route=\/wp\/v2\/posts\/699\/revisions"}],"predecessor-version":[{"id":867,"href":"https:\/\/ipoweb.bruxelles.be\/primdachsbeck\/index.php?rest_route=\/wp\/v2\/posts\/699\/revisions\/867"}],"wp:attachment":[{"href":"https:\/\/ipoweb.bruxelles.be\/primdachsbeck\/index.php?rest_route=%2Fwp%2Fv2%2Fmedia&parent=699"}],"wp:term":[{"taxonomy":"category","embeddable":true,"href":"https:\/\/ipoweb.bruxelles.be\/primdachsbeck\/index.php?rest_route=%2Fwp%2Fv2%2Fcategories&post=699"},{"taxonomy":"post_tag","embeddable":true,"href":"https:\/\/ipoweb.bruxelles.be\/primdachsbeck\/index.php?rest_route=%2Fwp%2Fv2%2Ftags&post=699"}],"curies":[{"name":"wp","href":"https:\/\/api.w.org\/{rel}","templated":true}]}}