{"id":702,"date":"2021-01-11T15:32:51","date_gmt":"2021-01-11T14:32:51","guid":{"rendered":"http:\/\/ipoweb.bruxelles.be\/primdachsbeck\/?p=702"},"modified":"2021-10-21T15:38:23","modified_gmt":"2021-10-21T13:38:23","slug":"ecole-maternelle-dachsbeck","status":"publish","type":"post","link":"https:\/\/ipoweb.bruxelles.be\/primdachsbeck\/?p=702","title":{"rendered":"Ecole maternelle Dachsbeck"},"content":{"rendered":"\n<p>Connaissez-vous notre \u00e9cole \u00ab\u00a0soeur\u00a0\u00bb ? L&rsquo;\u00e9cole maternelle Dachsbeck, d&rsquo;o\u00f9 proviennent la majorit\u00e9 de nos \u00e9l\u00e8ves, est une \u00e9cole de grande qualit\u00e9 o\u00f9 il fait bon vivre et o\u00f9 l&rsquo;\u00e9quipe \u00e9ducative est particuli\u00e8rement dynamique ! <\/p>\n\n\n\n<p>Il reste de la place en 1\u00e8re ann\u00e9e maternelle et en 3\u00e8me ann\u00e9e maternelle pour la rentr\u00e9e de septembre 2021 !<\/p>\n\n\n\n<p>N&rsquo;h\u00e9sitez pas \u00e0 prendre contact avec le secr\u00e9tariat :  02 500 70 80  &#8211; mat.dachsbeck@brucity.education <\/p>\n\n\n\n<figure class=\"wp-block-embed-youtube wp-block-embed is-type-video is-provider-youtube wp-embed-aspect-16-9 wp-has-aspect-ratio\"><div class=\"wp-block-embed__wrapper\">\n<iframe loading=\"lazy\" title=\"A la d\u00e9couverte de l&#039;\u00e9cole maternelle Henriette Dachsbeck\" width=\"648\" height=\"365\" src=\"https:\/\/www.youtube.com\/embed\/slnNmWB8lGo?feature=oembed\" frameborder=\"0\" allow=\"accelerometer; autoplay; clipboard-write; encrypted-media; gyroscope; picture-in-picture\" allowfullscreen><\/iframe>\n<\/div><\/figure>\n","protected":false},"excerpt":{"rendered":"<p>Connaissez-vous notre \u00e9cole \u00ab\u00a0soeur\u00a0\u00bb ? L&rsquo;\u00e9cole maternelle Dachsbeck, d&rsquo;o\u00f9 proviennent la majorit\u00e9 de nos \u00e9l\u00e8ves, est une \u00e9cole de grande qualit\u00e9 o\u00f9 il fait bon vivre et o\u00f9 l&rsquo;\u00e9quipe \u00e9ducative est particuli\u00e8rement dynamique ! Il reste de la place en 1\u00e8re ann\u00e9e maternelle et en 3\u00e8me ann\u00e9e maternelle pour la rentr\u00e9e de septembre 2021 ! [&hellip;]<\/p>\n","protected":false},"author":2,"featured_media":0,"comment_status":"closed","ping_status":"open","sticky":false,"template":"","format":"standard","meta":{"footnotes":""},"categories":[1],"tags":[],"jetpack_sharing_enabled":true,"jetpack_featured_media_url":"","_links":{"self":[{"href":"https:\/\/ipoweb.bruxelles.be\/primdachsbeck\/index.php?rest_route=\/wp\/v2\/posts\/702"}],"collection":[{"href":"https:\/\/ipoweb.bruxelles.be\/primdachsbeck\/index.php?rest_route=\/wp\/v2\/posts"}],"about":[{"href":"https:\/\/ipoweb.bruxelles.be\/primdachsbeck\/index.php?rest_route=\/wp\/v2\/types\/post"}],"author":[{"embeddable":true,"href":"https:\/\/ipoweb.bruxelles.be\/primdachsbeck\/index.php?rest_route=\/wp\/v2\/users\/2"}],"replies":[{"embeddable":true,"href":"https:\/\/ipoweb.bruxelles.be\/primdachsbeck\/index.php?rest_route=%2Fwp%2Fv2%2Fcomments&post=702"}],"version-history":[{"count":1,"href":"https:\/\/ipoweb.bruxelles.be\/primdachsbeck\/index.php?rest_route=\/wp\/v2\/posts\/702\/revisions"}],"predecessor-version":[{"id":703,"href":"https:\/\/ipoweb.bruxelles.be\/primdachsbeck\/index.php?rest_route=\/wp\/v2\/posts\/702\/revisions\/703"}],"wp:attachment":[{"href":"https:\/\/ipoweb.bruxelles.be\/primdachsbeck\/index.php?rest_route=%2Fwp%2Fv2%2Fmedia&parent=702"}],"wp:term":[{"taxonomy":"category","embeddable":true,"href":"https:\/\/ipoweb.bruxelles.be\/primdachsbeck\/index.php?rest_route=%2Fwp%2Fv2%2Fcategories&post=702"},{"taxonomy":"post_tag","embeddable":true,"href":"https:\/\/ipoweb.bruxelles.be\/primdachsbeck\/index.php?rest_route=%2Fwp%2Fv2%2Ftags&post=702"}],"curies":[{"name":"wp","href":"https:\/\/api.w.org\/{rel}","templated":true}]}}