{"id":72,"date":"2019-09-22T13:11:56","date_gmt":"2019-09-22T11:11:56","guid":{"rendered":"http:\/\/ipoweb.bruxelles.be\/primdachsbeck\/?p=72"},"modified":"2019-10-14T14:42:26","modified_gmt":"2019-10-14T12:42:26","slug":"reportage-cours-dempathie","status":"publish","type":"post","link":"https:\/\/ipoweb.bruxelles.be\/primdachsbeck\/?p=72","title":{"rendered":"Reportage \u00ab\u00a0cours d&#8217;empathie\u00a0\u00bb"},"content":{"rendered":"\n<p>Des millions de vues sur Facebook, des dizaines de milliers de partages, des milliers de commentaires&#8230; ce reportage r\u00e9alis\u00e9 \u00e0 l&rsquo;\u00e9cole a travers\u00e9 les fronti\u00e8res et suscit\u00e9 \u00e9norm\u00e9ment d&rsquo;enthousiasme !<\/p>\n\n\n\n<figure class=\"wp-block-embed-youtube wp-block-embed is-type-video is-provider-youtube wp-embed-aspect-16-9 wp-has-aspect-ratio\"><div class=\"wp-block-embed__wrapper\">\n<iframe loading=\"lazy\" title=\"Des cours d&#039;empathie pour exprimer et comprendre les \u00e9motions\" width=\"648\" height=\"365\" src=\"https:\/\/www.youtube.com\/embed\/NHk9JbOMa5w?feature=oembed\" frameborder=\"0\" allow=\"accelerometer; autoplay; encrypted-media; gyroscope; picture-in-picture\" allowfullscreen><\/iframe>\n<\/div><figcaption>Le cours d&#8217;empathie de Mme Saban<\/figcaption><\/figure>\n","protected":false},"excerpt":{"rendered":"<p>Des millions de vues sur Facebook, des dizaines de milliers de partages, des milliers de commentaires&#8230; ce reportage r\u00e9alis\u00e9 \u00e0 l&rsquo;\u00e9cole a travers\u00e9 les fronti\u00e8res et suscit\u00e9 \u00e9norm\u00e9ment d&rsquo;enthousiasme !<\/p>\n","protected":false},"author":2,"featured_media":0,"comment_status":"closed","ping_status":"closed","sticky":false,"template":"","format":"standard","meta":{"footnotes":""},"categories":[1],"tags":[],"jetpack_sharing_enabled":true,"jetpack_featured_media_url":"","_links":{"self":[{"href":"https:\/\/ipoweb.bruxelles.be\/primdachsbeck\/index.php?rest_route=\/wp\/v2\/posts\/72"}],"collection":[{"href":"https:\/\/ipoweb.bruxelles.be\/primdachsbeck\/index.php?rest_route=\/wp\/v2\/posts"}],"about":[{"href":"https:\/\/ipoweb.bruxelles.be\/primdachsbeck\/index.php?rest_route=\/wp\/v2\/types\/post"}],"author":[{"embeddable":true,"href":"https:\/\/ipoweb.bruxelles.be\/primdachsbeck\/index.php?rest_route=\/wp\/v2\/users\/2"}],"replies":[{"embeddable":true,"href":"https:\/\/ipoweb.bruxelles.be\/primdachsbeck\/index.php?rest_route=%2Fwp%2Fv2%2Fcomments&post=72"}],"version-history":[{"count":1,"href":"https:\/\/ipoweb.bruxelles.be\/primdachsbeck\/index.php?rest_route=\/wp\/v2\/posts\/72\/revisions"}],"predecessor-version":[{"id":73,"href":"https:\/\/ipoweb.bruxelles.be\/primdachsbeck\/index.php?rest_route=\/wp\/v2\/posts\/72\/revisions\/73"}],"wp:attachment":[{"href":"https:\/\/ipoweb.bruxelles.be\/primdachsbeck\/index.php?rest_route=%2Fwp%2Fv2%2Fmedia&parent=72"}],"wp:term":[{"taxonomy":"category","embeddable":true,"href":"https:\/\/ipoweb.bruxelles.be\/primdachsbeck\/index.php?rest_route=%2Fwp%2Fv2%2Fcategories&post=72"},{"taxonomy":"post_tag","embeddable":true,"href":"https:\/\/ipoweb.bruxelles.be\/primdachsbeck\/index.php?rest_route=%2Fwp%2Fv2%2Ftags&post=72"}],"curies":[{"name":"wp","href":"https:\/\/api.w.org\/{rel}","templated":true}]}}