{"id":724,"date":"2021-03-20T11:04:57","date_gmt":"2021-03-20T10:04:57","guid":{"rendered":"http:\/\/ipoweb.bruxelles.be\/primdachsbeck\/?p=724"},"modified":"2021-10-21T15:37:27","modified_gmt":"2021-10-21T13:37:27","slug":"masque-obligatoire-5eme-et-6eme-primaires","status":"publish","type":"post","link":"https:\/\/ipoweb.bruxelles.be\/primdachsbeck\/?p=724","title":{"rendered":"Masque obligatoire 5\u00e8me et 6\u00e8me primaires"},"content":{"rendered":"\n<p>Chers parents,<\/p>\n\n\n\n<p>nous avons appris, comme vous, hier soir la nouvelle obligation du port du masque \u00e9tendue \u00e0 nos \u00e9l\u00e8ves de 5\u00e8me et 6\u00e8me primaire d\u00e8s ce lundi 22 mars.<\/p>\n\n\n\n<p>L&rsquo;\u00e9cole poss\u00e8de encore quelques masques pour ceux qui n&rsquo;en ont pas. Nous vous serions reconnaissants si vous pouviez fournir un masque \u00e0 votre enfant en attendant une vraisemblable livraison d&rsquo;urgence de nos autorit\u00e9s.<\/p>\n\n\n\n<p>Croyez bien que nous mettrons tout en oeuvre pour que le quotidien des enfants en soit le moins impact\u00e9 possible,<\/p>\n\n\n\n<p>D&rsquo;avance je vous remercie de votre compr\u00e9hension ainsi que de vos nombreux mots d&rsquo;encouragement et soutien en ces temps compliqu\u00e9s,<\/p>\n\n\n\n<p>Le Directeur<\/p>\n\n\n\n<p>G. Huygens<\/p>\n","protected":false},"excerpt":{"rendered":"<p>Chers parents, nous avons appris, comme vous, hier soir la nouvelle obligation du port du masque \u00e9tendue \u00e0 nos \u00e9l\u00e8ves de 5\u00e8me et 6\u00e8me primaire d\u00e8s ce lundi 22 mars. L&rsquo;\u00e9cole poss\u00e8de encore quelques masques pour ceux qui n&rsquo;en ont pas. Nous vous serions reconnaissants si vous pouviez fournir un masque \u00e0 votre enfant en [&hellip;]<\/p>\n","protected":false},"author":2,"featured_media":0,"comment_status":"closed","ping_status":"open","sticky":false,"template":"","format":"standard","meta":{"footnotes":""},"categories":[1],"tags":[],"jetpack_sharing_enabled":true,"jetpack_featured_media_url":"","_links":{"self":[{"href":"https:\/\/ipoweb.bruxelles.be\/primdachsbeck\/index.php?rest_route=\/wp\/v2\/posts\/724"}],"collection":[{"href":"https:\/\/ipoweb.bruxelles.be\/primdachsbeck\/index.php?rest_route=\/wp\/v2\/posts"}],"about":[{"href":"https:\/\/ipoweb.bruxelles.be\/primdachsbeck\/index.php?rest_route=\/wp\/v2\/types\/post"}],"author":[{"embeddable":true,"href":"https:\/\/ipoweb.bruxelles.be\/primdachsbeck\/index.php?rest_route=\/wp\/v2\/users\/2"}],"replies":[{"embeddable":true,"href":"https:\/\/ipoweb.bruxelles.be\/primdachsbeck\/index.php?rest_route=%2Fwp%2Fv2%2Fcomments&post=724"}],"version-history":[{"count":1,"href":"https:\/\/ipoweb.bruxelles.be\/primdachsbeck\/index.php?rest_route=\/wp\/v2\/posts\/724\/revisions"}],"predecessor-version":[{"id":725,"href":"https:\/\/ipoweb.bruxelles.be\/primdachsbeck\/index.php?rest_route=\/wp\/v2\/posts\/724\/revisions\/725"}],"wp:attachment":[{"href":"https:\/\/ipoweb.bruxelles.be\/primdachsbeck\/index.php?rest_route=%2Fwp%2Fv2%2Fmedia&parent=724"}],"wp:term":[{"taxonomy":"category","embeddable":true,"href":"https:\/\/ipoweb.bruxelles.be\/primdachsbeck\/index.php?rest_route=%2Fwp%2Fv2%2Fcategories&post=724"},{"taxonomy":"post_tag","embeddable":true,"href":"https:\/\/ipoweb.bruxelles.be\/primdachsbeck\/index.php?rest_route=%2Fwp%2Fv2%2Ftags&post=724"}],"curies":[{"name":"wp","href":"https:\/\/api.w.org\/{rel}","templated":true}]}}