{"id":726,"date":"2021-03-25T11:53:25","date_gmt":"2021-03-25T10:53:25","guid":{"rendered":"http:\/\/ipoweb.bruxelles.be\/primdachsbeck\/?p=726"},"modified":"2021-10-21T15:37:46","modified_gmt":"2021-10-21T13:37:46","slug":"conge-de-printemps","status":"publish","type":"post","link":"https:\/\/ipoweb.bruxelles.be\/primdachsbeck\/?p=726","title":{"rendered":"Cong\u00e9 de Printemps"},"content":{"rendered":"\n<p><\/p>\n\n\n\n<p>Chers\nparents,<\/p>\n\n\n\n<p>comme\nvous l&rsquo;avez probablement appris via la presse, le gouvernement a d\u00e9cid\u00e9\nd&rsquo;avancer le cong\u00e9 de Printemps d&rsquo;une semaine \u00e0 partir de ce lundi 29 mars. Les\ncours sont en effet suspendus du 29 mars au 2 avril. <\/p>\n\n\n\n<p>Il\nn&rsquo;y aura donc pas de travail obligatoire \u00e0 effectuer durant cette p\u00e9riode. Nous\nencourageons cependant les enfants \u00e0 lire, se mettre en ordre, r\u00e9viser les\nmati\u00e8res non ma\u00eetris\u00e9es, etc. Les travaux \u00e9ventuellement re\u00e7us par votre enfant\nsont facultatifs et ne seront pas \u00e9valu\u00e9s.<\/p>\n\n\n\n<p> L&rsquo;enseignant de votre enfant a pris contact avec vous r\u00e9cemment ou le fera dans les prochains jours de cette semaine de suspension de cours afin de faire le point sur ses apprentissages, de vous conseiller et de vous communiquer son 2\u00e8me bulletin. Je veux ici les remercier pour leur capacit\u00e9 \u00e0, sans cesse, s&rsquo;adapter aux nouvelles mesures dans l&rsquo;int\u00e9r\u00eat des \u00e9l\u00e8ves qui leur sont confi\u00e9s. La t\u00e2che n&rsquo;est pas ais\u00e9e, mais je suis fier de pouvoir compter sur eux et leur professionnalisme. <\/p>\n\n\n\n<p>Je\nvous rappelle les nombreux moyens d\u2019entrer en contact avec l\u2019enseignant de\nvotre enfant et l\u2019\u00e9cole&nbsp;:<\/p>\n\n\n\n<ul><li>Smartschool&nbsp;: voir farde d\u2019avis<\/li><li>Le site de l\u2019\u00e9cole&nbsp;: <a href=\"http:\/\/www.ephd.be\">www.ephd.be<\/a><\/li><li>Le groupes de classe (Facebook, Dojo, \u2026)<\/li><li>L\u2019email de l\u2019enseignant ou celui de l\u2019\u00e9cole&nbsp;: <a href=\"mailto:prep.dachsbeck@brucity.education\">prep.dachsbeck@brucity.education<\/a>\n<\/li><\/ul>\n\n\n\n<p>Je\nvous remercie de votre compr\u00e9hension. Prenez bien soin de vous tous et\nrendez-vous le 19 avril en pleine forme pour la \u00ab\u00a0derni\u00e8re ligne\ndroite\u00a0\u00bb de l&rsquo;ann\u00e9e !<\/p>\n\n\n\n<p>&nbsp;&nbsp;&nbsp;&nbsp;&nbsp;&nbsp;&nbsp;&nbsp;&nbsp;&nbsp;&nbsp;&nbsp;&nbsp;&nbsp;&nbsp;&nbsp;&nbsp;&nbsp;&nbsp;&nbsp;&nbsp;&nbsp;&nbsp;&nbsp;&nbsp;&nbsp;&nbsp;&nbsp;&nbsp;&nbsp;&nbsp;&nbsp;&nbsp;&nbsp;&nbsp;&nbsp;&nbsp;&nbsp;&nbsp;&nbsp;&nbsp;&nbsp;&nbsp;&nbsp;&nbsp;&nbsp;&nbsp;&nbsp;&nbsp;&nbsp;&nbsp;&nbsp;&nbsp;&nbsp;&nbsp;&nbsp;&nbsp;&nbsp;&nbsp;&nbsp;&nbsp;&nbsp;&nbsp;&nbsp;&nbsp;&nbsp;&nbsp;&nbsp;&nbsp;&nbsp;&nbsp;&nbsp;&nbsp;&nbsp;&nbsp;&nbsp;&nbsp;&nbsp;&nbsp;&nbsp;&nbsp;&nbsp;&nbsp;&nbsp;&nbsp;&nbsp;&nbsp;&nbsp;&nbsp;&nbsp;&nbsp;&nbsp;&nbsp;&nbsp;&nbsp;&nbsp;&nbsp;&nbsp;&nbsp;&nbsp;&nbsp;&nbsp;&nbsp;&nbsp;&nbsp; Le\nDirecteur<\/p>\n\n\n\n<p><\/p>\n","protected":false},"excerpt":{"rendered":"<p>Chers parents, comme vous l&rsquo;avez probablement appris via la presse, le gouvernement a d\u00e9cid\u00e9 d&rsquo;avancer le cong\u00e9 de Printemps d&rsquo;une semaine \u00e0 partir de ce lundi 29 mars. Les cours sont en effet suspendus du 29 mars au 2 avril. Il n&rsquo;y aura donc pas de travail obligatoire \u00e0 effectuer durant cette p\u00e9riode. Nous encourageons [&hellip;]<\/p>\n","protected":false},"author":2,"featured_media":0,"comment_status":"closed","ping_status":"open","sticky":false,"template":"","format":"standard","meta":{"footnotes":""},"categories":[1],"tags":[],"jetpack_sharing_enabled":true,"jetpack_featured_media_url":"","_links":{"self":[{"href":"https:\/\/ipoweb.bruxelles.be\/primdachsbeck\/index.php?rest_route=\/wp\/v2\/posts\/726"}],"collection":[{"href":"https:\/\/ipoweb.bruxelles.be\/primdachsbeck\/index.php?rest_route=\/wp\/v2\/posts"}],"about":[{"href":"https:\/\/ipoweb.bruxelles.be\/primdachsbeck\/index.php?rest_route=\/wp\/v2\/types\/post"}],"author":[{"embeddable":true,"href":"https:\/\/ipoweb.bruxelles.be\/primdachsbeck\/index.php?rest_route=\/wp\/v2\/users\/2"}],"replies":[{"embeddable":true,"href":"https:\/\/ipoweb.bruxelles.be\/primdachsbeck\/index.php?rest_route=%2Fwp%2Fv2%2Fcomments&post=726"}],"version-history":[{"count":8,"href":"https:\/\/ipoweb.bruxelles.be\/primdachsbeck\/index.php?rest_route=\/wp\/v2\/posts\/726\/revisions"}],"predecessor-version":[{"id":734,"href":"https:\/\/ipoweb.bruxelles.be\/primdachsbeck\/index.php?rest_route=\/wp\/v2\/posts\/726\/revisions\/734"}],"wp:attachment":[{"href":"https:\/\/ipoweb.bruxelles.be\/primdachsbeck\/index.php?rest_route=%2Fwp%2Fv2%2Fmedia&parent=726"}],"wp:term":[{"taxonomy":"category","embeddable":true,"href":"https:\/\/ipoweb.bruxelles.be\/primdachsbeck\/index.php?rest_route=%2Fwp%2Fv2%2Fcategories&post=726"},{"taxonomy":"post_tag","embeddable":true,"href":"https:\/\/ipoweb.bruxelles.be\/primdachsbeck\/index.php?rest_route=%2Fwp%2Fv2%2Ftags&post=726"}],"curies":[{"name":"wp","href":"https:\/\/api.w.org\/{rel}","templated":true}]}}