{"id":74,"date":"2019-09-22T13:17:22","date_gmt":"2019-09-22T11:17:22","guid":{"rendered":"http:\/\/ipoweb.bruxelles.be\/primdachsbeck\/?p=74"},"modified":"2019-10-14T14:42:15","modified_gmt":"2019-10-14T12:42:15","slug":"dachsbeck-danse-pour-le-climat","status":"publish","type":"post","link":"https:\/\/ipoweb.bruxelles.be\/primdachsbeck\/?p=74","title":{"rendered":"Dachsbeck danse pour le climat !"},"content":{"rendered":"\n<p>La th\u00e9matique du r\u00e9chauffement climatique suscite d\u00e9bats, inqui\u00e9tudes, gr\u00e8ves d&rsquo;\u00e9tudiants. Nos \u00e9l\u00e8ves ont particip\u00e9 \u00e0 leur mani\u00e8re \u00e0 la gr\u00e8ve mondiale pour le climat du 15 mars 2019. Bravo aux 1\u00e8res et 2\u00e8mes primaires !<\/p>\n\n\n\n<figure class=\"wp-block-embed-youtube wp-block-embed is-type-video is-provider-youtube wp-embed-aspect-16-9 wp-has-aspect-ratio\"><div class=\"wp-block-embed__wrapper\">\n<iframe loading=\"lazy\" title=\"L&#039;\u00e9cole primaire H. Dachsbeck danse pour le climat !\" width=\"648\" height=\"365\" src=\"https:\/\/www.youtube.com\/embed\/ZwYw0c9-pLo?feature=oembed\" frameborder=\"0\" allow=\"accelerometer; autoplay; encrypted-media; gyroscope; picture-in-picture\" allowfullscreen><\/iframe>\n<\/div><\/figure>\n","protected":false},"excerpt":{"rendered":"<p>La th\u00e9matique du r\u00e9chauffement climatique suscite d\u00e9bats, inqui\u00e9tudes, gr\u00e8ves d&rsquo;\u00e9tudiants. Nos \u00e9l\u00e8ves ont particip\u00e9 \u00e0 leur mani\u00e8re \u00e0 la gr\u00e8ve mondiale pour le climat du 15 mars 2019. Bravo aux 1\u00e8res et 2\u00e8mes primaires !<\/p>\n","protected":false},"author":2,"featured_media":0,"comment_status":"closed","ping_status":"closed","sticky":false,"template":"","format":"standard","meta":{"footnotes":""},"categories":[1],"tags":[],"jetpack_sharing_enabled":true,"jetpack_featured_media_url":"","_links":{"self":[{"href":"https:\/\/ipoweb.bruxelles.be\/primdachsbeck\/index.php?rest_route=\/wp\/v2\/posts\/74"}],"collection":[{"href":"https:\/\/ipoweb.bruxelles.be\/primdachsbeck\/index.php?rest_route=\/wp\/v2\/posts"}],"about":[{"href":"https:\/\/ipoweb.bruxelles.be\/primdachsbeck\/index.php?rest_route=\/wp\/v2\/types\/post"}],"author":[{"embeddable":true,"href":"https:\/\/ipoweb.bruxelles.be\/primdachsbeck\/index.php?rest_route=\/wp\/v2\/users\/2"}],"replies":[{"embeddable":true,"href":"https:\/\/ipoweb.bruxelles.be\/primdachsbeck\/index.php?rest_route=%2Fwp%2Fv2%2Fcomments&post=74"}],"version-history":[{"count":2,"href":"https:\/\/ipoweb.bruxelles.be\/primdachsbeck\/index.php?rest_route=\/wp\/v2\/posts\/74\/revisions"}],"predecessor-version":[{"id":617,"href":"https:\/\/ipoweb.bruxelles.be\/primdachsbeck\/index.php?rest_route=\/wp\/v2\/posts\/74\/revisions\/617"}],"wp:attachment":[{"href":"https:\/\/ipoweb.bruxelles.be\/primdachsbeck\/index.php?rest_route=%2Fwp%2Fv2%2Fmedia&parent=74"}],"wp:term":[{"taxonomy":"category","embeddable":true,"href":"https:\/\/ipoweb.bruxelles.be\/primdachsbeck\/index.php?rest_route=%2Fwp%2Fv2%2Fcategories&post=74"},{"taxonomy":"post_tag","embeddable":true,"href":"https:\/\/ipoweb.bruxelles.be\/primdachsbeck\/index.php?rest_route=%2Fwp%2Fv2%2Ftags&post=74"}],"curies":[{"name":"wp","href":"https:\/\/api.w.org\/{rel}","templated":true}]}}