{"id":741,"date":"2021-06-24T15:36:09","date_gmt":"2021-06-24T13:36:09","guid":{"rendered":"http:\/\/ipoweb.bruxelles.be\/primdachsbeck\/?p=741"},"modified":"2021-06-24T15:36:09","modified_gmt":"2021-06-24T13:36:09","slug":"les-p6-a-la-mer","status":"publish","type":"post","link":"https:\/\/ipoweb.bruxelles.be\/primdachsbeck\/?p=741","title":{"rendered":"Les P6 \u00e0 la mer!"},"content":{"rendered":"\n<figure class=\"wp-block-image size-large\"><img decoding=\"async\" loading=\"lazy\" width=\"1920\" height=\"1440\" src=\"http:\/\/ipoweb.bruxelles.be\/primdachsbeck\/wp-content\/uploads\/2021\/06\/img-20210624-wa00398824540750377114674.jpg\" alt=\"\" class=\"wp-image-740\" srcset=\"https:\/\/ipoweb.bruxelles.be\/primdachsbeck\/wp-content\/uploads\/2021\/06\/img-20210624-wa00398824540750377114674.jpg 1920w, https:\/\/ipoweb.bruxelles.be\/primdachsbeck\/wp-content\/uploads\/2021\/06\/img-20210624-wa00398824540750377114674-300x225.jpg 300w, https:\/\/ipoweb.bruxelles.be\/primdachsbeck\/wp-content\/uploads\/2021\/06\/img-20210624-wa00398824540750377114674-768x576.jpg 768w, https:\/\/ipoweb.bruxelles.be\/primdachsbeck\/wp-content\/uploads\/2021\/06\/img-20210624-wa00398824540750377114674-1024x768.jpg 1024w\" sizes=\"(max-width: 1920px) 100vw, 1920px\" \/><\/figure>\n\n\n\n<figure class=\"wp-block-image\"><img decoding=\"async\" loading=\"lazy\" width=\"1440\" height=\"1920\" src=\"http:\/\/ipoweb.bruxelles.be\/primdachsbeck\/wp-content\/uploads\/2021\/06\/img-20210624-wa00384344549453466042398.jpg\" alt=\"\" class=\"wp-image-739\" srcset=\"https:\/\/ipoweb.bruxelles.be\/primdachsbeck\/wp-content\/uploads\/2021\/06\/img-20210624-wa00384344549453466042398.jpg 1440w, https:\/\/ipoweb.bruxelles.be\/primdachsbeck\/wp-content\/uploads\/2021\/06\/img-20210624-wa00384344549453466042398-225x300.jpg 225w, https:\/\/ipoweb.bruxelles.be\/primdachsbeck\/wp-content\/uploads\/2021\/06\/img-20210624-wa00384344549453466042398-768x1024.jpg 768w\" sizes=\"(max-width: 1440px) 100vw, 1440px\" \/><\/figure>\n\n\n\n<figure class=\"wp-block-image\"><img decoding=\"async\" loading=\"lazy\" width=\"1920\" height=\"1440\" src=\"http:\/\/ipoweb.bruxelles.be\/primdachsbeck\/wp-content\/uploads\/2021\/06\/img-20210624-wa00418198729356850989503.jpg\" alt=\"\" class=\"wp-image-738\" srcset=\"https:\/\/ipoweb.bruxelles.be\/primdachsbeck\/wp-content\/uploads\/2021\/06\/img-20210624-wa00418198729356850989503.jpg 1920w, https:\/\/ipoweb.bruxelles.be\/primdachsbeck\/wp-content\/uploads\/2021\/06\/img-20210624-wa00418198729356850989503-300x225.jpg 300w, https:\/\/ipoweb.bruxelles.be\/primdachsbeck\/wp-content\/uploads\/2021\/06\/img-20210624-wa00418198729356850989503-768x576.jpg 768w, https:\/\/ipoweb.bruxelles.be\/primdachsbeck\/wp-content\/uploads\/2021\/06\/img-20210624-wa00418198729356850989503-1024x768.jpg 1024w\" sizes=\"(max-width: 1920px) 100vw, 1920px\" \/><\/figure>\n\n\n\n<figure class=\"wp-block-image\"><img decoding=\"async\" loading=\"lazy\" width=\"1440\" height=\"1920\" src=\"http:\/\/ipoweb.bruxelles.be\/primdachsbeck\/wp-content\/uploads\/2021\/06\/img-20210624-wa00374518766778328016298.jpg\" alt=\"\" class=\"wp-image-737\" srcset=\"https:\/\/ipoweb.bruxelles.be\/primdachsbeck\/wp-content\/uploads\/2021\/06\/img-20210624-wa00374518766778328016298.jpg 1440w, https:\/\/ipoweb.bruxelles.be\/primdachsbeck\/wp-content\/uploads\/2021\/06\/img-20210624-wa00374518766778328016298-225x300.jpg 225w, https:\/\/ipoweb.bruxelles.be\/primdachsbeck\/wp-content\/uploads\/2021\/06\/img-20210624-wa00374518766778328016298-768x1024.jpg 768w\" sizes=\"(max-width: 1440px) 100vw, 1440px\" \/><\/figure>\n\n\n\n<figure class=\"wp-block-image\"><img decoding=\"async\" loading=\"lazy\" width=\"1920\" height=\"1440\" src=\"http:\/\/ipoweb.bruxelles.be\/primdachsbeck\/wp-content\/uploads\/2021\/06\/img-20210624-wa0040532854367833786277.jpg\" alt=\"\" class=\"wp-image-736\" srcset=\"https:\/\/ipoweb.bruxelles.be\/primdachsbeck\/wp-content\/uploads\/2021\/06\/img-20210624-wa0040532854367833786277.jpg 1920w, https:\/\/ipoweb.bruxelles.be\/primdachsbeck\/wp-content\/uploads\/2021\/06\/img-20210624-wa0040532854367833786277-300x225.jpg 300w, https:\/\/ipoweb.bruxelles.be\/primdachsbeck\/wp-content\/uploads\/2021\/06\/img-20210624-wa0040532854367833786277-768x576.jpg 768w, https:\/\/ipoweb.bruxelles.be\/primdachsbeck\/wp-content\/uploads\/2021\/06\/img-20210624-wa0040532854367833786277-1024x768.jpg 1024w\" sizes=\"(max-width: 1920px) 100vw, 1920px\" \/><\/figure>\n\n\n\n<figure class=\"wp-block-image\"><img decoding=\"async\" loading=\"lazy\" width=\"1368\" height=\"1824\" src=\"http:\/\/ipoweb.bruxelles.be\/primdachsbeck\/wp-content\/uploads\/2021\/06\/img-20210624-wa00423502864727550739990.jpg\" alt=\"\" class=\"wp-image-735\" srcset=\"https:\/\/ipoweb.bruxelles.be\/primdachsbeck\/wp-content\/uploads\/2021\/06\/img-20210624-wa00423502864727550739990.jpg 1368w, https:\/\/ipoweb.bruxelles.be\/primdachsbeck\/wp-content\/uploads\/2021\/06\/img-20210624-wa00423502864727550739990-225x300.jpg 225w, https:\/\/ipoweb.bruxelles.be\/primdachsbeck\/wp-content\/uploads\/2021\/06\/img-20210624-wa00423502864727550739990-768x1024.jpg 768w\" sizes=\"(max-width: 1368px) 100vw, 1368px\" \/><figcaption>Les 6e profitent de leur voyage scolaire \u00e0 la mer. Au rendez-vous: du soleil, du rire, du jeu et du plaisir ! Une ann\u00e9e qui se finit en beaut\u00e9\u00a0!<\/figcaption><\/figure>\n\n\n\n<p><\/p>\n","protected":false},"excerpt":{"rendered":"","protected":false},"author":2,"featured_media":0,"comment_status":"closed","ping_status":"open","sticky":false,"template":"","format":"standard","meta":{"footnotes":""},"categories":[1],"tags":[],"jetpack_sharing_enabled":true,"jetpack_featured_media_url":"","_links":{"self":[{"href":"https:\/\/ipoweb.bruxelles.be\/primdachsbeck\/index.php?rest_route=\/wp\/v2\/posts\/741"}],"collection":[{"href":"https:\/\/ipoweb.bruxelles.be\/primdachsbeck\/index.php?rest_route=\/wp\/v2\/posts"}],"about":[{"href":"https:\/\/ipoweb.bruxelles.be\/primdachsbeck\/index.php?rest_route=\/wp\/v2\/types\/post"}],"author":[{"embeddable":true,"href":"https:\/\/ipoweb.bruxelles.be\/primdachsbeck\/index.php?rest_route=\/wp\/v2\/users\/2"}],"replies":[{"embeddable":true,"href":"https:\/\/ipoweb.bruxelles.be\/primdachsbeck\/index.php?rest_route=%2Fwp%2Fv2%2Fcomments&post=741"}],"version-history":[{"count":0,"href":"https:\/\/ipoweb.bruxelles.be\/primdachsbeck\/index.php?rest_route=\/wp\/v2\/posts\/741\/revisions"}],"wp:attachment":[{"href":"https:\/\/ipoweb.bruxelles.be\/primdachsbeck\/index.php?rest_route=%2Fwp%2Fv2%2Fmedia&parent=741"}],"wp:term":[{"taxonomy":"category","embeddable":true,"href":"https:\/\/ipoweb.bruxelles.be\/primdachsbeck\/index.php?rest_route=%2Fwp%2Fv2%2Fcategories&post=741"},{"taxonomy":"post_tag","embeddable":true,"href":"https:\/\/ipoweb.bruxelles.be\/primdachsbeck\/index.php?rest_route=%2Fwp%2Fv2%2Ftags&post=741"}],"curies":[{"name":"wp","href":"https:\/\/api.w.org\/{rel}","templated":true}]}}