{"id":756,"date":"2021-10-21T15:35:44","date_gmt":"2021-10-21T13:35:44","guid":{"rendered":"http:\/\/ipoweb.bruxelles.be\/primdachsbeck\/?p=756"},"modified":"2022-01-28T15:43:45","modified_gmt":"2022-01-28T14:43:45","slug":"les-p6-au-stade-roi-baudouin","status":"publish","type":"post","link":"https:\/\/ipoweb.bruxelles.be\/primdachsbeck\/?p=756","title":{"rendered":"Les P6 au stade Roi Baudouin!"},"content":{"rendered":"\n<p>Ce mardi 19 octobre, nos 6\u00e8mes primaires ont eu l&rsquo;occasion de participer \u00e0 une journ\u00e9e consacr\u00e9e au sport et tout particuli\u00e8rement \u00e0 l&rsquo;athl\u00e9tisme.<\/p>\n\n\n\n<p>C&rsquo;est avec une grande fiert\u00e9 que nous vous annon\u00e7ons la superbe victoire de nos filles ainsi que la tr\u00e8s belle deuxi\u00e8me place de nos gar\u00e7ons \u00e0 la course relais les opposant aux autres \u00e9coles de la Ville de Bruxelles ! Bravo les champions !<\/p>\n\n\n\n<p><a href=\"https:\/\/instructionpublique.bruxelles.be\/fr\/actualites\/sportez-vous-bien-edition-2021-au-stade-roi-baudouin\">https:\/\/instructionpublique.bruxelles.be\/fr\/actualites\/sportez-vous-bien-edition-2021-au-stade-roi-baudouin<\/a><\/p>\n\n\n\n<figure class=\"wp-block-image\"><img decoding=\"async\" loading=\"lazy\" width=\"1024\" height=\"461\" src=\"http:\/\/ipoweb.bruxelles.be\/primdachsbeck\/wp-content\/uploads\/2021\/10\/WhatsApp-Image-2021-10-19-at-13.53.22-1024x461.jpeg\" alt=\"\" class=\"wp-image-754\" srcset=\"https:\/\/ipoweb.bruxelles.be\/primdachsbeck\/wp-content\/uploads\/2021\/10\/WhatsApp-Image-2021-10-19-at-13.53.22-1024x461.jpeg 1024w, https:\/\/ipoweb.bruxelles.be\/primdachsbeck\/wp-content\/uploads\/2021\/10\/WhatsApp-Image-2021-10-19-at-13.53.22-300x135.jpeg 300w, https:\/\/ipoweb.bruxelles.be\/primdachsbeck\/wp-content\/uploads\/2021\/10\/WhatsApp-Image-2021-10-19-at-13.53.22-768x346.jpeg 768w, https:\/\/ipoweb.bruxelles.be\/primdachsbeck\/wp-content\/uploads\/2021\/10\/WhatsApp-Image-2021-10-19-at-13.53.22.jpeg 2000w\" sizes=\"(max-width: 1024px) 100vw, 1024px\" \/><\/figure>\n\n\n\n<figure class=\"wp-block-image\"><img decoding=\"async\" loading=\"lazy\" width=\"1024\" height=\"461\" src=\"http:\/\/ipoweb.bruxelles.be\/primdachsbeck\/wp-content\/uploads\/2021\/10\/WhatsApp-Image-2021-10-19-at-13.58.19-1024x461.jpeg\" alt=\"\" class=\"wp-image-755\" srcset=\"https:\/\/ipoweb.bruxelles.be\/primdachsbeck\/wp-content\/uploads\/2021\/10\/WhatsApp-Image-2021-10-19-at-13.58.19-1024x461.jpeg 1024w, https:\/\/ipoweb.bruxelles.be\/primdachsbeck\/wp-content\/uploads\/2021\/10\/WhatsApp-Image-2021-10-19-at-13.58.19-300x135.jpeg 300w, https:\/\/ipoweb.bruxelles.be\/primdachsbeck\/wp-content\/uploads\/2021\/10\/WhatsApp-Image-2021-10-19-at-13.58.19-768x346.jpeg 768w, https:\/\/ipoweb.bruxelles.be\/primdachsbeck\/wp-content\/uploads\/2021\/10\/WhatsApp-Image-2021-10-19-at-13.58.19.jpeg 2000w\" sizes=\"(max-width: 1024px) 100vw, 1024px\" \/><\/figure>\n\n\n\n<figure class=\"wp-block-image\"><img decoding=\"async\" loading=\"lazy\" width=\"1024\" height=\"461\" src=\"http:\/\/ipoweb.bruxelles.be\/primdachsbeck\/wp-content\/uploads\/2021\/10\/WhatsApp-Image-2021-10-19-at-09.22.46-1024x461.jpeg\" alt=\"\" class=\"wp-image-753\" srcset=\"https:\/\/ipoweb.bruxelles.be\/primdachsbeck\/wp-content\/uploads\/2021\/10\/WhatsApp-Image-2021-10-19-at-09.22.46-1024x461.jpeg 1024w, https:\/\/ipoweb.bruxelles.be\/primdachsbeck\/wp-content\/uploads\/2021\/10\/WhatsApp-Image-2021-10-19-at-09.22.46-300x135.jpeg 300w, https:\/\/ipoweb.bruxelles.be\/primdachsbeck\/wp-content\/uploads\/2021\/10\/WhatsApp-Image-2021-10-19-at-09.22.46-768x346.jpeg 768w, https:\/\/ipoweb.bruxelles.be\/primdachsbeck\/wp-content\/uploads\/2021\/10\/WhatsApp-Image-2021-10-19-at-09.22.46.jpeg 2000w\" sizes=\"(max-width: 1024px) 100vw, 1024px\" \/><\/figure>\n","protected":false},"excerpt":{"rendered":"<p>Ce mardi 19 octobre, nos 6\u00e8mes primaires ont eu l&rsquo;occasion de participer \u00e0 une journ\u00e9e consacr\u00e9e au sport et tout particuli\u00e8rement \u00e0 l&rsquo;athl\u00e9tisme. C&rsquo;est avec une grande fiert\u00e9 que nous vous annon\u00e7ons la superbe victoire de nos filles ainsi que la tr\u00e8s belle deuxi\u00e8me place de nos gar\u00e7ons \u00e0 la course relais les opposant aux [&hellip;]<\/p>\n","protected":false},"author":2,"featured_media":0,"comment_status":"closed","ping_status":"open","sticky":false,"template":"","format":"standard","meta":{"footnotes":""},"categories":[1],"tags":[],"jetpack_sharing_enabled":true,"jetpack_featured_media_url":"","_links":{"self":[{"href":"https:\/\/ipoweb.bruxelles.be\/primdachsbeck\/index.php?rest_route=\/wp\/v2\/posts\/756"}],"collection":[{"href":"https:\/\/ipoweb.bruxelles.be\/primdachsbeck\/index.php?rest_route=\/wp\/v2\/posts"}],"about":[{"href":"https:\/\/ipoweb.bruxelles.be\/primdachsbeck\/index.php?rest_route=\/wp\/v2\/types\/post"}],"author":[{"embeddable":true,"href":"https:\/\/ipoweb.bruxelles.be\/primdachsbeck\/index.php?rest_route=\/wp\/v2\/users\/2"}],"replies":[{"embeddable":true,"href":"https:\/\/ipoweb.bruxelles.be\/primdachsbeck\/index.php?rest_route=%2Fwp%2Fv2%2Fcomments&post=756"}],"version-history":[{"count":2,"href":"https:\/\/ipoweb.bruxelles.be\/primdachsbeck\/index.php?rest_route=\/wp\/v2\/posts\/756\/revisions"}],"predecessor-version":[{"id":777,"href":"https:\/\/ipoweb.bruxelles.be\/primdachsbeck\/index.php?rest_route=\/wp\/v2\/posts\/756\/revisions\/777"}],"wp:attachment":[{"href":"https:\/\/ipoweb.bruxelles.be\/primdachsbeck\/index.php?rest_route=%2Fwp%2Fv2%2Fmedia&parent=756"}],"wp:term":[{"taxonomy":"category","embeddable":true,"href":"https:\/\/ipoweb.bruxelles.be\/primdachsbeck\/index.php?rest_route=%2Fwp%2Fv2%2Fcategories&post=756"},{"taxonomy":"post_tag","embeddable":true,"href":"https:\/\/ipoweb.bruxelles.be\/primdachsbeck\/index.php?rest_route=%2Fwp%2Fv2%2Ftags&post=756"}],"curies":[{"name":"wp","href":"https:\/\/api.w.org\/{rel}","templated":true}]}}