{"id":769,"date":"2021-10-21T16:25:26","date_gmt":"2021-10-21T14:25:26","guid":{"rendered":"http:\/\/ipoweb.bruxelles.be\/primdachsbeck\/?p=769"},"modified":"2022-01-28T15:44:08","modified_gmt":"2022-01-28T14:44:08","slug":"croisiere-educative-brussels-by-water","status":"publish","type":"post","link":"https:\/\/ipoweb.bruxelles.be\/primdachsbeck\/?p=769","title":{"rendered":"Croisi\u00e8re \u00e9ducative &#8211; Brussels by water !"},"content":{"rendered":"\n<p>Le mardi 12 octobre, les 3 classes de P4 ont particip\u00e9 \u00e0 une croisi\u00e8re \u00e9ducative sur le th\u00e8me de l eau.<br> Diff\u00e9rentes activit\u00e9s ont \u00e9t\u00e9 men\u00e9es sur une p\u00e9niche transform\u00e9e en bateau \u00e9ducatif pour d\u00e9couvrir d o\u00f9 vient et o\u00f9 va l&rsquo;eau que nous consommons tous les jours. Les enfants ont analys\u00e9 la qualit\u00e9 de l eau du canal et ont d\u00e9couvert la faune qui y vivait.<br> Ils ont aussi pu observer l environnement entourant le canal et decouvert les fonctions du canal \u00e0 Bruxelles.<\/p>\n\n\n\n<ul class=\"wp-block-gallery columns-3 is-cropped wp-block-gallery-1 is-layout-flex wp-block-gallery-is-layout-flex\"><li class=\"blocks-gallery-item\"><figure><img decoding=\"async\" loading=\"lazy\" width=\"768\" height=\"1024\" src=\"http:\/\/ipoweb.bruxelles.be\/primdachsbeck\/wp-content\/uploads\/2021\/10\/WhatsApp-Image-2021-10-21-at-16.05.29-768x1024.jpeg\" alt=\"\" data-id=\"774\" data-link=\"http:\/\/ipoweb.bruxelles.be\/primdachsbeck\/?attachment_id=774\" class=\"wp-image-774\" srcset=\"https:\/\/ipoweb.bruxelles.be\/primdachsbeck\/wp-content\/uploads\/2021\/10\/WhatsApp-Image-2021-10-21-at-16.05.29.jpeg 768w, https:\/\/ipoweb.bruxelles.be\/primdachsbeck\/wp-content\/uploads\/2021\/10\/WhatsApp-Image-2021-10-21-at-16.05.29-225x300.jpeg 225w\" sizes=\"(max-width: 768px) 100vw, 768px\" \/><\/figure><\/li><li class=\"blocks-gallery-item\"><figure><img decoding=\"async\" loading=\"lazy\" width=\"768\" height=\"1024\" src=\"http:\/\/ipoweb.bruxelles.be\/primdachsbeck\/wp-content\/uploads\/2021\/10\/WhatsApp-Image-2021-10-21-at-16.05.45-768x1024.jpeg\" alt=\"\" data-id=\"773\" data-link=\"http:\/\/ipoweb.bruxelles.be\/primdachsbeck\/?attachment_id=773\" class=\"wp-image-773\" srcset=\"https:\/\/ipoweb.bruxelles.be\/primdachsbeck\/wp-content\/uploads\/2021\/10\/WhatsApp-Image-2021-10-21-at-16.05.45.jpeg 768w, https:\/\/ipoweb.bruxelles.be\/primdachsbeck\/wp-content\/uploads\/2021\/10\/WhatsApp-Image-2021-10-21-at-16.05.45-225x300.jpeg 225w\" sizes=\"(max-width: 768px) 100vw, 768px\" \/><\/figure><\/li><li class=\"blocks-gallery-item\"><figure><img decoding=\"async\" loading=\"lazy\" width=\"1024\" height=\"768\" src=\"http:\/\/ipoweb.bruxelles.be\/primdachsbeck\/wp-content\/uploads\/2021\/10\/WhatsApp-Image-2021-10-21-at-16.15.26-1024x768.jpeg\" alt=\"\" data-id=\"770\" data-link=\"http:\/\/ipoweb.bruxelles.be\/primdachsbeck\/?attachment_id=770\" class=\"wp-image-770\" srcset=\"https:\/\/ipoweb.bruxelles.be\/primdachsbeck\/wp-content\/uploads\/2021\/10\/WhatsApp-Image-2021-10-21-at-16.15.26-1024x768.jpeg 1024w, https:\/\/ipoweb.bruxelles.be\/primdachsbeck\/wp-content\/uploads\/2021\/10\/WhatsApp-Image-2021-10-21-at-16.15.26-300x225.jpeg 300w, https:\/\/ipoweb.bruxelles.be\/primdachsbeck\/wp-content\/uploads\/2021\/10\/WhatsApp-Image-2021-10-21-at-16.15.26-768x576.jpeg 768w, https:\/\/ipoweb.bruxelles.be\/primdachsbeck\/wp-content\/uploads\/2021\/10\/WhatsApp-Image-2021-10-21-at-16.15.26.jpeg 2048w\" sizes=\"(max-width: 1024px) 100vw, 1024px\" \/><\/figure><\/li><li class=\"blocks-gallery-item\"><figure><img decoding=\"async\" loading=\"lazy\" width=\"1024\" height=\"768\" src=\"http:\/\/ipoweb.bruxelles.be\/primdachsbeck\/wp-content\/uploads\/2021\/10\/WhatsApp-Image-2021-10-21-at-16.06.22-1024x768.jpeg\" alt=\"\" data-id=\"772\" data-link=\"http:\/\/ipoweb.bruxelles.be\/primdachsbeck\/?attachment_id=772\" class=\"wp-image-772\" srcset=\"https:\/\/ipoweb.bruxelles.be\/primdachsbeck\/wp-content\/uploads\/2021\/10\/WhatsApp-Image-2021-10-21-at-16.06.22.jpeg 1024w, https:\/\/ipoweb.bruxelles.be\/primdachsbeck\/wp-content\/uploads\/2021\/10\/WhatsApp-Image-2021-10-21-at-16.06.22-300x225.jpeg 300w, https:\/\/ipoweb.bruxelles.be\/primdachsbeck\/wp-content\/uploads\/2021\/10\/WhatsApp-Image-2021-10-21-at-16.06.22-768x576.jpeg 768w\" sizes=\"(max-width: 1024px) 100vw, 1024px\" \/><\/figure><\/li><li class=\"blocks-gallery-item\"><figure><img decoding=\"async\" loading=\"lazy\" width=\"1024\" height=\"768\" src=\"http:\/\/ipoweb.bruxelles.be\/primdachsbeck\/wp-content\/uploads\/2021\/10\/WhatsApp-Image-2021-10-21-at-16.13.08-1024x768.jpeg\" alt=\"\" data-id=\"771\" data-link=\"http:\/\/ipoweb.bruxelles.be\/primdachsbeck\/?attachment_id=771\" class=\"wp-image-771\" srcset=\"https:\/\/ipoweb.bruxelles.be\/primdachsbeck\/wp-content\/uploads\/2021\/10\/WhatsApp-Image-2021-10-21-at-16.13.08-1024x768.jpeg 1024w, https:\/\/ipoweb.bruxelles.be\/primdachsbeck\/wp-content\/uploads\/2021\/10\/WhatsApp-Image-2021-10-21-at-16.13.08-300x225.jpeg 300w, https:\/\/ipoweb.bruxelles.be\/primdachsbeck\/wp-content\/uploads\/2021\/10\/WhatsApp-Image-2021-10-21-at-16.13.08-768x576.jpeg 768w, https:\/\/ipoweb.bruxelles.be\/primdachsbeck\/wp-content\/uploads\/2021\/10\/WhatsApp-Image-2021-10-21-at-16.13.08.jpeg 2048w\" sizes=\"(max-width: 1024px) 100vw, 1024px\" \/><\/figure><\/li><\/ul>\n","protected":false},"excerpt":{"rendered":"<p>Le mardi 12 octobre, les 3 classes de P4 ont particip\u00e9 \u00e0 une croisi\u00e8re \u00e9ducative sur le th\u00e8me de l eau. Diff\u00e9rentes activit\u00e9s ont \u00e9t\u00e9 men\u00e9es sur une p\u00e9niche transform\u00e9e en bateau \u00e9ducatif pour d\u00e9couvrir d o\u00f9 vient et o\u00f9 va l&rsquo;eau que nous consommons tous les jours. Les enfants ont analys\u00e9 la qualit\u00e9 de [&hellip;]<\/p>\n","protected":false},"author":2,"featured_media":0,"comment_status":"closed","ping_status":"open","sticky":false,"template":"","format":"standard","meta":{"footnotes":""},"categories":[1],"tags":[],"jetpack_sharing_enabled":true,"jetpack_featured_media_url":"","_links":{"self":[{"href":"https:\/\/ipoweb.bruxelles.be\/primdachsbeck\/index.php?rest_route=\/wp\/v2\/posts\/769"}],"collection":[{"href":"https:\/\/ipoweb.bruxelles.be\/primdachsbeck\/index.php?rest_route=\/wp\/v2\/posts"}],"about":[{"href":"https:\/\/ipoweb.bruxelles.be\/primdachsbeck\/index.php?rest_route=\/wp\/v2\/types\/post"}],"author":[{"embeddable":true,"href":"https:\/\/ipoweb.bruxelles.be\/primdachsbeck\/index.php?rest_route=\/wp\/v2\/users\/2"}],"replies":[{"embeddable":true,"href":"https:\/\/ipoweb.bruxelles.be\/primdachsbeck\/index.php?rest_route=%2Fwp%2Fv2%2Fcomments&post=769"}],"version-history":[{"count":1,"href":"https:\/\/ipoweb.bruxelles.be\/primdachsbeck\/index.php?rest_route=\/wp\/v2\/posts\/769\/revisions"}],"predecessor-version":[{"id":776,"href":"https:\/\/ipoweb.bruxelles.be\/primdachsbeck\/index.php?rest_route=\/wp\/v2\/posts\/769\/revisions\/776"}],"wp:attachment":[{"href":"https:\/\/ipoweb.bruxelles.be\/primdachsbeck\/index.php?rest_route=%2Fwp%2Fv2%2Fmedia&parent=769"}],"wp:term":[{"taxonomy":"category","embeddable":true,"href":"https:\/\/ipoweb.bruxelles.be\/primdachsbeck\/index.php?rest_route=%2Fwp%2Fv2%2Fcategories&post=769"},{"taxonomy":"post_tag","embeddable":true,"href":"https:\/\/ipoweb.bruxelles.be\/primdachsbeck\/index.php?rest_route=%2Fwp%2Fv2%2Ftags&post=769"}],"curies":[{"name":"wp","href":"https:\/\/api.w.org\/{rel}","templated":true}]}}