{"id":79,"date":"2019-09-22T13:24:35","date_gmt":"2019-09-22T11:24:35","guid":{"rendered":"http:\/\/ipoweb.bruxelles.be\/primdachsbeck\/?p=79"},"modified":"2019-10-14T14:42:05","modified_gmt":"2019-10-14T12:42:05","slug":"rencontre-avec-lilian-thuram","status":"publish","type":"post","link":"https:\/\/ipoweb.bruxelles.be\/primdachsbeck\/?p=79","title":{"rendered":"Rencontre avec Lilian Thuram"},"content":{"rendered":"\n<p>La rencontre \u00e9tait organis\u00e9e dans le cadre de la f\u00eate BD, au parc Royal\n(sous pavillon) le vendredi 13 septembre 2019.<\/p>\n\n\n\n<p>L&rsquo;objet de cette rencontre \u00e9tait d&rsquo;aborder des th\u00e8mes soci\u00e9taux comme le\nracisme, l&rsquo;homophobie, le sexisme et de susciter la r\u00e9flexion en pr\u00e9sence de\nLilian Thuram, dont la fondation lutte contre toutes formes de discrimination. <\/p>\n\n\n\n<p>De l&rsquo;\u00e9motion, du d\u00e9bat, de l&rsquo;humour&#8230; une rencontre marquante pour nos\n\u00e9l\u00e8ves (et leurs professeurs !). <\/p>\n\n\n\n<p>Un grand merci \u00e0 M. Thuram (www.thuram.org) pour sa gentillesse, sa bienveillance et la grande p\u00e9dagogie qu&rsquo;il met en oeuvre pour transmettre des valeurs qui nous sont ch\u00e8res.<\/p>\n\n\n\n<figure class=\"wp-block-image\"><img decoding=\"async\" loading=\"lazy\" width=\"1024\" height=\"498\" src=\"http:\/\/ipoweb.bruxelles.be\/primdachsbeck\/wp-content\/uploads\/2019\/09\/20190913_122358-1024x498.jpg\" alt=\"\" class=\"wp-image-68\" srcset=\"https:\/\/ipoweb.bruxelles.be\/primdachsbeck\/wp-content\/uploads\/2019\/09\/20190913_122358-1024x498.jpg 1024w, https:\/\/ipoweb.bruxelles.be\/primdachsbeck\/wp-content\/uploads\/2019\/09\/20190913_122358-300x146.jpg 300w, https:\/\/ipoweb.bruxelles.be\/primdachsbeck\/wp-content\/uploads\/2019\/09\/20190913_122358-768x373.jpg 768w\" sizes=\"(max-width: 1024px) 100vw, 1024px\" \/><figcaption>La classe de madame Ghilain (P6)<\/figcaption><\/figure>\n\n\n\n<figure class=\"wp-block-image\"><img decoding=\"async\" loading=\"lazy\" width=\"1024\" height=\"498\" src=\"http:\/\/ipoweb.bruxelles.be\/primdachsbeck\/wp-content\/uploads\/2019\/09\/20190913_122213-1024x498.jpg\" alt=\"\" class=\"wp-image-67\" srcset=\"https:\/\/ipoweb.bruxelles.be\/primdachsbeck\/wp-content\/uploads\/2019\/09\/20190913_122213-1024x498.jpg 1024w, https:\/\/ipoweb.bruxelles.be\/primdachsbeck\/wp-content\/uploads\/2019\/09\/20190913_122213-300x146.jpg 300w, https:\/\/ipoweb.bruxelles.be\/primdachsbeck\/wp-content\/uploads\/2019\/09\/20190913_122213-768x373.jpg 768w\" sizes=\"(max-width: 1024px) 100vw, 1024px\" \/><figcaption>La classe de madame Conreur (P6)<\/figcaption><\/figure>\n","protected":false},"excerpt":{"rendered":"<p>La rencontre \u00e9tait organis\u00e9e dans le cadre de la f\u00eate BD, au parc Royal (sous pavillon) le vendredi 13 septembre 2019. L&rsquo;objet de cette rencontre \u00e9tait d&rsquo;aborder des th\u00e8mes soci\u00e9taux comme le racisme, l&rsquo;homophobie, le sexisme et de susciter la r\u00e9flexion en pr\u00e9sence de Lilian Thuram, dont la fondation lutte contre toutes formes de discrimination. [&hellip;]<\/p>\n","protected":false},"author":2,"featured_media":0,"comment_status":"closed","ping_status":"closed","sticky":false,"template":"","format":"standard","meta":{"footnotes":""},"categories":[1],"tags":[],"jetpack_sharing_enabled":true,"jetpack_featured_media_url":"","_links":{"self":[{"href":"https:\/\/ipoweb.bruxelles.be\/primdachsbeck\/index.php?rest_route=\/wp\/v2\/posts\/79"}],"collection":[{"href":"https:\/\/ipoweb.bruxelles.be\/primdachsbeck\/index.php?rest_route=\/wp\/v2\/posts"}],"about":[{"href":"https:\/\/ipoweb.bruxelles.be\/primdachsbeck\/index.php?rest_route=\/wp\/v2\/types\/post"}],"author":[{"embeddable":true,"href":"https:\/\/ipoweb.bruxelles.be\/primdachsbeck\/index.php?rest_route=\/wp\/v2\/users\/2"}],"replies":[{"embeddable":true,"href":"https:\/\/ipoweb.bruxelles.be\/primdachsbeck\/index.php?rest_route=%2Fwp%2Fv2%2Fcomments&post=79"}],"version-history":[{"count":1,"href":"https:\/\/ipoweb.bruxelles.be\/primdachsbeck\/index.php?rest_route=\/wp\/v2\/posts\/79\/revisions"}],"predecessor-version":[{"id":80,"href":"https:\/\/ipoweb.bruxelles.be\/primdachsbeck\/index.php?rest_route=\/wp\/v2\/posts\/79\/revisions\/80"}],"wp:attachment":[{"href":"https:\/\/ipoweb.bruxelles.be\/primdachsbeck\/index.php?rest_route=%2Fwp%2Fv2%2Fmedia&parent=79"}],"wp:term":[{"taxonomy":"category","embeddable":true,"href":"https:\/\/ipoweb.bruxelles.be\/primdachsbeck\/index.php?rest_route=%2Fwp%2Fv2%2Fcategories&post=79"},{"taxonomy":"post_tag","embeddable":true,"href":"https:\/\/ipoweb.bruxelles.be\/primdachsbeck\/index.php?rest_route=%2Fwp%2Fv2%2Ftags&post=79"}],"curies":[{"name":"wp","href":"https:\/\/api.w.org\/{rel}","templated":true}]}}