{"id":841,"date":"2022-08-25T10:48:11","date_gmt":"2022-08-25T08:48:11","guid":{"rendered":"http:\/\/ipoweb.bruxelles.be\/primdachsbeck\/?p=841"},"modified":"2023-01-17T18:28:26","modified_gmt":"2023-01-17T17:28:26","slug":"rentree-des-classes","status":"publish","type":"post","link":"https:\/\/ipoweb.bruxelles.be\/primdachsbeck\/?p=841","title":{"rendered":"Rentr\u00e9e des classes !"},"content":{"rendered":"\n<p>Chers parents, chers enfants,<\/p>\n\n\n\n<p>la rentr\u00e9e des classes arrivent \u00e0 grands pas ! Attention, cette ann\u00e9e, nous d\u00e9marrons le 29 ao\u00fbt ! Un accueil pour les enfants et les parents de premi\u00e8re ann\u00e9e est pr\u00e9vu dans le r\u00e9fectoire du rez-de-chauss\u00e9e \u00e0 partir de 8h00.<\/p>\n\n\n\n<p>Comme annonc\u00e9 en fin d&rsquo;ann\u00e9e scolaire pr\u00e9c\u00e9dente, vos enfants recevront gratuitement gr\u00e2ce \u00e0 la Ville de Bruxelles, un kit de rentr\u00e9e scolaire contenant une tr\u00e8s grande partie du mat\u00e9riel n\u00e9cessaire \u00e0 leur scolarit\u00e9. En ces temps difficiles, c&rsquo;est un super coup de pouce de nos autorit\u00e9s !<\/p>\n\n\n\n<p>Au plaisir de tous vous retrouver,<\/p>\n\n\n\n<p>Le Directeur<\/p>\n","protected":false},"excerpt":{"rendered":"<p>Chers parents, chers enfants, la rentr\u00e9e des classes arrivent \u00e0 grands pas ! Attention, cette ann\u00e9e, nous d\u00e9marrons le 29 ao\u00fbt ! Un accueil pour les enfants et les parents de premi\u00e8re ann\u00e9e est pr\u00e9vu dans le r\u00e9fectoire du rez-de-chauss\u00e9e \u00e0 partir de 8h00. Comme annonc\u00e9 en fin d&rsquo;ann\u00e9e scolaire pr\u00e9c\u00e9dente, vos enfants recevront gratuitement [&hellip;]<\/p>\n","protected":false},"author":2,"featured_media":0,"comment_status":"closed","ping_status":"open","sticky":false,"template":"","format":"standard","meta":{"footnotes":""},"categories":[1],"tags":[],"jetpack_sharing_enabled":true,"jetpack_featured_media_url":"","_links":{"self":[{"href":"https:\/\/ipoweb.bruxelles.be\/primdachsbeck\/index.php?rest_route=\/wp\/v2\/posts\/841"}],"collection":[{"href":"https:\/\/ipoweb.bruxelles.be\/primdachsbeck\/index.php?rest_route=\/wp\/v2\/posts"}],"about":[{"href":"https:\/\/ipoweb.bruxelles.be\/primdachsbeck\/index.php?rest_route=\/wp\/v2\/types\/post"}],"author":[{"embeddable":true,"href":"https:\/\/ipoweb.bruxelles.be\/primdachsbeck\/index.php?rest_route=\/wp\/v2\/users\/2"}],"replies":[{"embeddable":true,"href":"https:\/\/ipoweb.bruxelles.be\/primdachsbeck\/index.php?rest_route=%2Fwp%2Fv2%2Fcomments&post=841"}],"version-history":[{"count":2,"href":"https:\/\/ipoweb.bruxelles.be\/primdachsbeck\/index.php?rest_route=\/wp\/v2\/posts\/841\/revisions"}],"predecessor-version":[{"id":843,"href":"https:\/\/ipoweb.bruxelles.be\/primdachsbeck\/index.php?rest_route=\/wp\/v2\/posts\/841\/revisions\/843"}],"wp:attachment":[{"href":"https:\/\/ipoweb.bruxelles.be\/primdachsbeck\/index.php?rest_route=%2Fwp%2Fv2%2Fmedia&parent=841"}],"wp:term":[{"taxonomy":"category","embeddable":true,"href":"https:\/\/ipoweb.bruxelles.be\/primdachsbeck\/index.php?rest_route=%2Fwp%2Fv2%2Fcategories&post=841"},{"taxonomy":"post_tag","embeddable":true,"href":"https:\/\/ipoweb.bruxelles.be\/primdachsbeck\/index.php?rest_route=%2Fwp%2Fv2%2Ftags&post=841"}],"curies":[{"name":"wp","href":"https:\/\/api.w.org\/{rel}","templated":true}]}}