{"id":850,"date":"2022-09-20T16:10:12","date_gmt":"2022-09-20T14:10:12","guid":{"rendered":"http:\/\/ipoweb.bruxelles.be\/primdachsbeck\/?p=850"},"modified":"2023-01-17T18:28:16","modified_gmt":"2023-01-17T17:28:16","slug":"du-vert-a-dachsbeck","status":"publish","type":"post","link":"https:\/\/ipoweb.bruxelles.be\/primdachsbeck\/?p=850","title":{"rendered":"Du vert \u00e0 Dachsbeck !"},"content":{"rendered":"\n<p>Mercredi pass\u00e9, en collaboration avec la ferme du Parc Maximilien, les \u00e9l\u00e8ves de la garderie \u00e9paul\u00e9s par notre \u00e9quipe d&rsquo;auxiliaires ont eu la surprise de d\u00e9marrer le nouveau projet potager de l&rsquo;\u00e9cole ! Notre cour de r\u00e9cr\u00e9ation avec bien besoin d&rsquo;un peu de verdure et les \u00e9l\u00e8ves ont appris comment planter et prendre soin de plusieurs plantes ! <\/p>\n\n\n\n<ul class=\"wp-block-gallery columns-3 is-cropped wp-block-gallery-1 is-layout-flex wp-block-gallery-is-layout-flex\"><li class=\"blocks-gallery-item\"><figure><img decoding=\"async\" loading=\"lazy\" width=\"1024\" height=\"576\" src=\"http:\/\/ipoweb.bruxelles.be\/primdachsbeck\/wp-content\/uploads\/2022\/09\/IMG_20220914_161434-1024x576.jpg\" alt=\"\" data-id=\"853\" data-link=\"http:\/\/ipoweb.bruxelles.be\/primdachsbeck\/?attachment_id=853\" class=\"wp-image-853\" srcset=\"https:\/\/ipoweb.bruxelles.be\/primdachsbeck\/wp-content\/uploads\/2022\/09\/IMG_20220914_161434-1024x576.jpg 1024w, https:\/\/ipoweb.bruxelles.be\/primdachsbeck\/wp-content\/uploads\/2022\/09\/IMG_20220914_161434-300x169.jpg 300w, https:\/\/ipoweb.bruxelles.be\/primdachsbeck\/wp-content\/uploads\/2022\/09\/IMG_20220914_161434-768x432.jpg 768w, https:\/\/ipoweb.bruxelles.be\/primdachsbeck\/wp-content\/uploads\/2022\/09\/IMG_20220914_161434.jpg 1617w\" sizes=\"(max-width: 1024px) 100vw, 1024px\" \/><\/figure><\/li><li class=\"blocks-gallery-item\"><figure><img decoding=\"async\" loading=\"lazy\" width=\"1024\" height=\"576\" src=\"http:\/\/ipoweb.bruxelles.be\/primdachsbeck\/wp-content\/uploads\/2022\/09\/IMG_20220914_160120-1024x576.jpg\" alt=\"\" data-id=\"852\" data-link=\"http:\/\/ipoweb.bruxelles.be\/primdachsbeck\/?attachment_id=852\" class=\"wp-image-852\" srcset=\"https:\/\/ipoweb.bruxelles.be\/primdachsbeck\/wp-content\/uploads\/2022\/09\/IMG_20220914_160120-1024x576.jpg 1024w, https:\/\/ipoweb.bruxelles.be\/primdachsbeck\/wp-content\/uploads\/2022\/09\/IMG_20220914_160120-300x169.jpg 300w, https:\/\/ipoweb.bruxelles.be\/primdachsbeck\/wp-content\/uploads\/2022\/09\/IMG_20220914_160120-768x432.jpg 768w, https:\/\/ipoweb.bruxelles.be\/primdachsbeck\/wp-content\/uploads\/2022\/09\/IMG_20220914_160120.jpg 1617w\" sizes=\"(max-width: 1024px) 100vw, 1024px\" \/><\/figure><\/li><li class=\"blocks-gallery-item\"><figure><img decoding=\"async\" loading=\"lazy\" width=\"1024\" height=\"576\" src=\"http:\/\/ipoweb.bruxelles.be\/primdachsbeck\/wp-content\/uploads\/2022\/09\/IMG_20220914_160003-1024x576.jpg\" alt=\"\" data-id=\"851\" data-link=\"http:\/\/ipoweb.bruxelles.be\/primdachsbeck\/?attachment_id=851\" class=\"wp-image-851\" srcset=\"https:\/\/ipoweb.bruxelles.be\/primdachsbeck\/wp-content\/uploads\/2022\/09\/IMG_20220914_160003-1024x576.jpg 1024w, https:\/\/ipoweb.bruxelles.be\/primdachsbeck\/wp-content\/uploads\/2022\/09\/IMG_20220914_160003-300x169.jpg 300w, https:\/\/ipoweb.bruxelles.be\/primdachsbeck\/wp-content\/uploads\/2022\/09\/IMG_20220914_160003-768x432.jpg 768w, https:\/\/ipoweb.bruxelles.be\/primdachsbeck\/wp-content\/uploads\/2022\/09\/IMG_20220914_160003.jpg 1617w\" sizes=\"(max-width: 1024px) 100vw, 1024px\" \/><\/figure><\/li><li class=\"blocks-gallery-item\"><figure><img decoding=\"async\" loading=\"lazy\" width=\"1024\" height=\"576\" src=\"http:\/\/ipoweb.bruxelles.be\/primdachsbeck\/wp-content\/uploads\/2022\/09\/IMG_20220914_160000-1024x576.jpg\" alt=\"\" data-id=\"849\" data-link=\"http:\/\/ipoweb.bruxelles.be\/primdachsbeck\/?attachment_id=849\" class=\"wp-image-849\" srcset=\"https:\/\/ipoweb.bruxelles.be\/primdachsbeck\/wp-content\/uploads\/2022\/09\/IMG_20220914_160000-1024x576.jpg 1024w, https:\/\/ipoweb.bruxelles.be\/primdachsbeck\/wp-content\/uploads\/2022\/09\/IMG_20220914_160000-300x169.jpg 300w, https:\/\/ipoweb.bruxelles.be\/primdachsbeck\/wp-content\/uploads\/2022\/09\/IMG_20220914_160000-768x432.jpg 768w, https:\/\/ipoweb.bruxelles.be\/primdachsbeck\/wp-content\/uploads\/2022\/09\/IMG_20220914_160000.jpg 1617w\" sizes=\"(max-width: 1024px) 100vw, 1024px\" \/><\/figure><\/li><li class=\"blocks-gallery-item\"><figure><img decoding=\"async\" loading=\"lazy\" width=\"1024\" height=\"576\" src=\"http:\/\/ipoweb.bruxelles.be\/primdachsbeck\/wp-content\/uploads\/2022\/09\/IMG_20220914_155556-1024x576.jpg\" alt=\"\" data-id=\"848\" data-link=\"http:\/\/ipoweb.bruxelles.be\/primdachsbeck\/?attachment_id=848\" class=\"wp-image-848\" srcset=\"https:\/\/ipoweb.bruxelles.be\/primdachsbeck\/wp-content\/uploads\/2022\/09\/IMG_20220914_155556-1024x576.jpg 1024w, https:\/\/ipoweb.bruxelles.be\/primdachsbeck\/wp-content\/uploads\/2022\/09\/IMG_20220914_155556-300x169.jpg 300w, https:\/\/ipoweb.bruxelles.be\/primdachsbeck\/wp-content\/uploads\/2022\/09\/IMG_20220914_155556-768x432.jpg 768w, https:\/\/ipoweb.bruxelles.be\/primdachsbeck\/wp-content\/uploads\/2022\/09\/IMG_20220914_155556.jpg 1617w\" sizes=\"(max-width: 1024px) 100vw, 1024px\" \/><\/figure><\/li><li class=\"blocks-gallery-item\"><figure><img decoding=\"async\" loading=\"lazy\" width=\"1024\" height=\"576\" src=\"http:\/\/ipoweb.bruxelles.be\/primdachsbeck\/wp-content\/uploads\/2022\/09\/IMG_20220914_155547-1024x576.jpg\" alt=\"\" data-id=\"847\" data-link=\"http:\/\/ipoweb.bruxelles.be\/primdachsbeck\/?attachment_id=847\" class=\"wp-image-847\" srcset=\"https:\/\/ipoweb.bruxelles.be\/primdachsbeck\/wp-content\/uploads\/2022\/09\/IMG_20220914_155547-1024x576.jpg 1024w, https:\/\/ipoweb.bruxelles.be\/primdachsbeck\/wp-content\/uploads\/2022\/09\/IMG_20220914_155547-300x169.jpg 300w, https:\/\/ipoweb.bruxelles.be\/primdachsbeck\/wp-content\/uploads\/2022\/09\/IMG_20220914_155547-768x432.jpg 768w, https:\/\/ipoweb.bruxelles.be\/primdachsbeck\/wp-content\/uploads\/2022\/09\/IMG_20220914_155547.jpg 1617w\" sizes=\"(max-width: 1024px) 100vw, 1024px\" \/><\/figure><\/li><li class=\"blocks-gallery-item\"><figure><img decoding=\"async\" loading=\"lazy\" width=\"1024\" height=\"576\" src=\"http:\/\/ipoweb.bruxelles.be\/primdachsbeck\/wp-content\/uploads\/2022\/09\/IMG_20220914_155527-1024x576.jpg\" alt=\"\" data-id=\"846\" data-link=\"http:\/\/ipoweb.bruxelles.be\/primdachsbeck\/?attachment_id=846\" class=\"wp-image-846\" srcset=\"https:\/\/ipoweb.bruxelles.be\/primdachsbeck\/wp-content\/uploads\/2022\/09\/IMG_20220914_155527-1024x576.jpg 1024w, https:\/\/ipoweb.bruxelles.be\/primdachsbeck\/wp-content\/uploads\/2022\/09\/IMG_20220914_155527-300x169.jpg 300w, https:\/\/ipoweb.bruxelles.be\/primdachsbeck\/wp-content\/uploads\/2022\/09\/IMG_20220914_155527-768x432.jpg 768w, https:\/\/ipoweb.bruxelles.be\/primdachsbeck\/wp-content\/uploads\/2022\/09\/IMG_20220914_155527.jpg 1617w\" sizes=\"(max-width: 1024px) 100vw, 1024px\" \/><\/figure><\/li><li class=\"blocks-gallery-item\"><figure><img decoding=\"async\" loading=\"lazy\" width=\"1024\" height=\"576\" src=\"http:\/\/ipoweb.bruxelles.be\/primdachsbeck\/wp-content\/uploads\/2022\/09\/IMG_20220914_155519-1024x576.jpg\" alt=\"\" data-id=\"845\" data-link=\"http:\/\/ipoweb.bruxelles.be\/primdachsbeck\/?attachment_id=845\" class=\"wp-image-845\" srcset=\"https:\/\/ipoweb.bruxelles.be\/primdachsbeck\/wp-content\/uploads\/2022\/09\/IMG_20220914_155519-1024x576.jpg 1024w, https:\/\/ipoweb.bruxelles.be\/primdachsbeck\/wp-content\/uploads\/2022\/09\/IMG_20220914_155519-300x169.jpg 300w, https:\/\/ipoweb.bruxelles.be\/primdachsbeck\/wp-content\/uploads\/2022\/09\/IMG_20220914_155519-768x432.jpg 768w, https:\/\/ipoweb.bruxelles.be\/primdachsbeck\/wp-content\/uploads\/2022\/09\/IMG_20220914_155519.jpg 1617w\" sizes=\"(max-width: 1024px) 100vw, 1024px\" \/><\/figure><\/li><li class=\"blocks-gallery-item\"><figure><img decoding=\"async\" loading=\"lazy\" width=\"1024\" height=\"577\" src=\"http:\/\/ipoweb.bruxelles.be\/primdachsbeck\/wp-content\/uploads\/2022\/09\/IMG_20220914_154928-1024x577.jpg\" alt=\"\" data-id=\"844\" data-link=\"http:\/\/ipoweb.bruxelles.be\/primdachsbeck\/?attachment_id=844\" class=\"wp-image-844\" srcset=\"https:\/\/ipoweb.bruxelles.be\/primdachsbeck\/wp-content\/uploads\/2022\/09\/IMG_20220914_154928-1024x577.jpg 1024w, https:\/\/ipoweb.bruxelles.be\/primdachsbeck\/wp-content\/uploads\/2022\/09\/IMG_20220914_154928-300x169.jpg 300w, https:\/\/ipoweb.bruxelles.be\/primdachsbeck\/wp-content\/uploads\/2022\/09\/IMG_20220914_154928-768x432.jpg 768w, https:\/\/ipoweb.bruxelles.be\/primdachsbeck\/wp-content\/uploads\/2022\/09\/IMG_20220914_154928.jpg 1616w\" sizes=\"(max-width: 1024px) 100vw, 1024px\" \/><\/figure><\/li><\/ul>\n\n\n\n<p> <\/p>\n","protected":false},"excerpt":{"rendered":"<p>Mercredi pass\u00e9, en collaboration avec la ferme du Parc Maximilien, les \u00e9l\u00e8ves de la garderie \u00e9paul\u00e9s par notre \u00e9quipe d&rsquo;auxiliaires ont eu la surprise de d\u00e9marrer le nouveau projet potager de l&rsquo;\u00e9cole ! Notre cour de r\u00e9cr\u00e9ation avec bien besoin d&rsquo;un peu de verdure et les \u00e9l\u00e8ves ont appris comment planter et prendre soin de [&hellip;]<\/p>\n","protected":false},"author":2,"featured_media":0,"comment_status":"closed","ping_status":"open","sticky":false,"template":"","format":"standard","meta":{"footnotes":""},"categories":[1],"tags":[],"jetpack_sharing_enabled":true,"jetpack_featured_media_url":"","_links":{"self":[{"href":"https:\/\/ipoweb.bruxelles.be\/primdachsbeck\/index.php?rest_route=\/wp\/v2\/posts\/850"}],"collection":[{"href":"https:\/\/ipoweb.bruxelles.be\/primdachsbeck\/index.php?rest_route=\/wp\/v2\/posts"}],"about":[{"href":"https:\/\/ipoweb.bruxelles.be\/primdachsbeck\/index.php?rest_route=\/wp\/v2\/types\/post"}],"author":[{"embeddable":true,"href":"https:\/\/ipoweb.bruxelles.be\/primdachsbeck\/index.php?rest_route=\/wp\/v2\/users\/2"}],"replies":[{"embeddable":true,"href":"https:\/\/ipoweb.bruxelles.be\/primdachsbeck\/index.php?rest_route=%2Fwp%2Fv2%2Fcomments&post=850"}],"version-history":[{"count":1,"href":"https:\/\/ipoweb.bruxelles.be\/primdachsbeck\/index.php?rest_route=\/wp\/v2\/posts\/850\/revisions"}],"predecessor-version":[{"id":854,"href":"https:\/\/ipoweb.bruxelles.be\/primdachsbeck\/index.php?rest_route=\/wp\/v2\/posts\/850\/revisions\/854"}],"wp:attachment":[{"href":"https:\/\/ipoweb.bruxelles.be\/primdachsbeck\/index.php?rest_route=%2Fwp%2Fv2%2Fmedia&parent=850"}],"wp:term":[{"taxonomy":"category","embeddable":true,"href":"https:\/\/ipoweb.bruxelles.be\/primdachsbeck\/index.php?rest_route=%2Fwp%2Fv2%2Fcategories&post=850"},{"taxonomy":"post_tag","embeddable":true,"href":"https:\/\/ipoweb.bruxelles.be\/primdachsbeck\/index.php?rest_route=%2Fwp%2Fv2%2Ftags&post=850"}],"curies":[{"name":"wp","href":"https:\/\/api.w.org\/{rel}","templated":true}]}}