{"id":897,"date":"2023-02-16T10:12:53","date_gmt":"2023-02-16T09:12:53","guid":{"rendered":"http:\/\/ipoweb.bruxelles.be\/primdachsbeck\/?p=897"},"modified":"2023-10-16T10:53:13","modified_gmt":"2023-10-16T08:53:13","slug":"des-news-de-nos-p4","status":"publish","type":"post","link":"https:\/\/ipoweb.bruxelles.be\/primdachsbeck\/?p=897","title":{"rendered":"Des news de nos P4 !"},"content":{"rendered":"\n<p>Chers parents,<\/p>\n\n\n\n<p>Chers grands-parents,<\/p>\n\n\n\n<p>Moment inoubliable hier soir : La Panne by night\n!<\/p>\n\n\n\n<p>Sur la plage, en silence, contemplation du\nciel \u00e9toil\u00e9, rep\u00e9rage de l&rsquo;\u00e9toile polaire, de la constellation\nd&rsquo;Orion&#8230;inoubliable pour les enfants (et les \u00ab\u00a0grands\u00a0\u00bb enfants !)\n!!!<\/p>\n\n\n\n<p>Tot morgen !<\/p>\n\n\n\n<figure class=\"wp-block-image\"><img decoding=\"async\" loading=\"lazy\" width=\"1024\" height=\"1024\" src=\"http:\/\/ipoweb.bruxelles.be\/primdachsbeck\/wp-content\/uploads\/2023\/02\/20230216_093231-1024x1024.jpg\" alt=\"\" class=\"wp-image-898\" srcset=\"https:\/\/ipoweb.bruxelles.be\/primdachsbeck\/wp-content\/uploads\/2023\/02\/20230216_093231-1024x1024.jpg 1024w, https:\/\/ipoweb.bruxelles.be\/primdachsbeck\/wp-content\/uploads\/2023\/02\/20230216_093231-150x150.jpg 150w, https:\/\/ipoweb.bruxelles.be\/primdachsbeck\/wp-content\/uploads\/2023\/02\/20230216_093231-300x300.jpg 300w, https:\/\/ipoweb.bruxelles.be\/primdachsbeck\/wp-content\/uploads\/2023\/02\/20230216_093231-768x768.jpg 768w, https:\/\/ipoweb.bruxelles.be\/primdachsbeck\/wp-content\/uploads\/2023\/02\/20230216_093231-60x60.jpg 60w\" sizes=\"(max-width: 1024px) 100vw, 1024px\" \/><\/figure>\n\n\n\n<figure class=\"wp-block-image\"><img decoding=\"async\" loading=\"lazy\" width=\"1024\" height=\"1024\" src=\"http:\/\/ipoweb.bruxelles.be\/primdachsbeck\/wp-content\/uploads\/2023\/02\/20230216_093353-1024x1024.jpg\" alt=\"\" class=\"wp-image-899\" srcset=\"https:\/\/ipoweb.bruxelles.be\/primdachsbeck\/wp-content\/uploads\/2023\/02\/20230216_093353-1024x1024.jpg 1024w, https:\/\/ipoweb.bruxelles.be\/primdachsbeck\/wp-content\/uploads\/2023\/02\/20230216_093353-150x150.jpg 150w, https:\/\/ipoweb.bruxelles.be\/primdachsbeck\/wp-content\/uploads\/2023\/02\/20230216_093353-300x300.jpg 300w, https:\/\/ipoweb.bruxelles.be\/primdachsbeck\/wp-content\/uploads\/2023\/02\/20230216_093353-768x768.jpg 768w, https:\/\/ipoweb.bruxelles.be\/primdachsbeck\/wp-content\/uploads\/2023\/02\/20230216_093353-60x60.jpg 60w\" sizes=\"(max-width: 1024px) 100vw, 1024px\" \/><\/figure>\n\n\n\n<figure class=\"wp-block-image\"><img decoding=\"async\" loading=\"lazy\" width=\"1024\" height=\"1024\" src=\"http:\/\/ipoweb.bruxelles.be\/primdachsbeck\/wp-content\/uploads\/2023\/02\/20230216_093515-1024x1024.jpg\" alt=\"\" class=\"wp-image-900\" srcset=\"https:\/\/ipoweb.bruxelles.be\/primdachsbeck\/wp-content\/uploads\/2023\/02\/20230216_093515-1024x1024.jpg 1024w, https:\/\/ipoweb.bruxelles.be\/primdachsbeck\/wp-content\/uploads\/2023\/02\/20230216_093515-150x150.jpg 150w, https:\/\/ipoweb.bruxelles.be\/primdachsbeck\/wp-content\/uploads\/2023\/02\/20230216_093515-300x300.jpg 300w, https:\/\/ipoweb.bruxelles.be\/primdachsbeck\/wp-content\/uploads\/2023\/02\/20230216_093515-768x768.jpg 768w, https:\/\/ipoweb.bruxelles.be\/primdachsbeck\/wp-content\/uploads\/2023\/02\/20230216_093515-60x60.jpg 60w\" sizes=\"(max-width: 1024px) 100vw, 1024px\" \/><\/figure>\n\n\n\n<figure class=\"wp-block-image\"><img decoding=\"async\" loading=\"lazy\" width=\"1024\" height=\"1024\" src=\"http:\/\/ipoweb.bruxelles.be\/primdachsbeck\/wp-content\/uploads\/2023\/02\/20230216_093854-1024x1024.jpg\" alt=\"\" class=\"wp-image-901\" srcset=\"https:\/\/ipoweb.bruxelles.be\/primdachsbeck\/wp-content\/uploads\/2023\/02\/20230216_093854-1024x1024.jpg 1024w, https:\/\/ipoweb.bruxelles.be\/primdachsbeck\/wp-content\/uploads\/2023\/02\/20230216_093854-150x150.jpg 150w, https:\/\/ipoweb.bruxelles.be\/primdachsbeck\/wp-content\/uploads\/2023\/02\/20230216_093854-300x300.jpg 300w, https:\/\/ipoweb.bruxelles.be\/primdachsbeck\/wp-content\/uploads\/2023\/02\/20230216_093854-768x768.jpg 768w, https:\/\/ipoweb.bruxelles.be\/primdachsbeck\/wp-content\/uploads\/2023\/02\/20230216_093854-60x60.jpg 60w\" sizes=\"(max-width: 1024px) 100vw, 1024px\" \/><\/figure>\n\n\n\n<figure class=\"wp-block-image\"><img decoding=\"async\" loading=\"lazy\" width=\"1024\" height=\"1024\" src=\"http:\/\/ipoweb.bruxelles.be\/primdachsbeck\/wp-content\/uploads\/2023\/02\/20230216_094017-1024x1024.jpg\" alt=\"\" class=\"wp-image-902\" srcset=\"https:\/\/ipoweb.bruxelles.be\/primdachsbeck\/wp-content\/uploads\/2023\/02\/20230216_094017-1024x1024.jpg 1024w, https:\/\/ipoweb.bruxelles.be\/primdachsbeck\/wp-content\/uploads\/2023\/02\/20230216_094017-150x150.jpg 150w, https:\/\/ipoweb.bruxelles.be\/primdachsbeck\/wp-content\/uploads\/2023\/02\/20230216_094017-300x300.jpg 300w, https:\/\/ipoweb.bruxelles.be\/primdachsbeck\/wp-content\/uploads\/2023\/02\/20230216_094017-768x768.jpg 768w, https:\/\/ipoweb.bruxelles.be\/primdachsbeck\/wp-content\/uploads\/2023\/02\/20230216_094017-60x60.jpg 60w\" sizes=\"(max-width: 1024px) 100vw, 1024px\" \/><\/figure>\n","protected":false},"excerpt":{"rendered":"<p>Chers parents, Chers grands-parents, Moment inoubliable hier soir : La Panne by night ! Sur la plage, en silence, contemplation du ciel \u00e9toil\u00e9, rep\u00e9rage de l&rsquo;\u00e9toile polaire, de la constellation d&rsquo;Orion&#8230;inoubliable pour les enfants (et les \u00ab\u00a0grands\u00a0\u00bb enfants !) !!! Tot morgen !<\/p>\n","protected":false},"author":2,"featured_media":0,"comment_status":"closed","ping_status":"open","sticky":false,"template":"","format":"standard","meta":{"footnotes":""},"categories":[1],"tags":[],"jetpack_sharing_enabled":true,"jetpack_featured_media_url":"","_links":{"self":[{"href":"https:\/\/ipoweb.bruxelles.be\/primdachsbeck\/index.php?rest_route=\/wp\/v2\/posts\/897"}],"collection":[{"href":"https:\/\/ipoweb.bruxelles.be\/primdachsbeck\/index.php?rest_route=\/wp\/v2\/posts"}],"about":[{"href":"https:\/\/ipoweb.bruxelles.be\/primdachsbeck\/index.php?rest_route=\/wp\/v2\/types\/post"}],"author":[{"embeddable":true,"href":"https:\/\/ipoweb.bruxelles.be\/primdachsbeck\/index.php?rest_route=\/wp\/v2\/users\/2"}],"replies":[{"embeddable":true,"href":"https:\/\/ipoweb.bruxelles.be\/primdachsbeck\/index.php?rest_route=%2Fwp%2Fv2%2Fcomments&post=897"}],"version-history":[{"count":1,"href":"https:\/\/ipoweb.bruxelles.be\/primdachsbeck\/index.php?rest_route=\/wp\/v2\/posts\/897\/revisions"}],"predecessor-version":[{"id":903,"href":"https:\/\/ipoweb.bruxelles.be\/primdachsbeck\/index.php?rest_route=\/wp\/v2\/posts\/897\/revisions\/903"}],"wp:attachment":[{"href":"https:\/\/ipoweb.bruxelles.be\/primdachsbeck\/index.php?rest_route=%2Fwp%2Fv2%2Fmedia&parent=897"}],"wp:term":[{"taxonomy":"category","embeddable":true,"href":"https:\/\/ipoweb.bruxelles.be\/primdachsbeck\/index.php?rest_route=%2Fwp%2Fv2%2Fcategories&post=897"},{"taxonomy":"post_tag","embeddable":true,"href":"https:\/\/ipoweb.bruxelles.be\/primdachsbeck\/index.php?rest_route=%2Fwp%2Fv2%2Ftags&post=897"}],"curies":[{"name":"wp","href":"https:\/\/api.w.org\/{rel}","templated":true}]}}