{"id":910,"date":"2023-02-18T11:28:30","date_gmt":"2023-02-18T10:28:30","guid":{"rendered":"http:\/\/ipoweb.bruxelles.be\/primdachsbeck\/?p=910"},"modified":"2023-10-16T10:53:17","modified_gmt":"2023-10-16T08:53:17","slug":"retour-des-classes-de-mer","status":"publish","type":"post","link":"https:\/\/ipoweb.bruxelles.be\/primdachsbeck\/?p=910","title":{"rendered":"Retour des classes de mer"},"content":{"rendered":"\n<p>Bonjour chers parents,<\/p>\n\n\n\n<p>Bonjour chers grands-parents,<\/p>\n\n\n\n<p>Salut les s\u0153urs et fr\u00e8res,<\/p>\n\n\n\n<p>Nous arrrriiiiivons !!!<\/p>\n\n\n\n<p>Cette semaine a \u00e9t\u00e9 magique (mais sacr\u00e9ment\nintense !).<\/p>\n\n\n\n<p>Nous sommes fier.e.s de vos enfants !<\/p>\n\n\n\n<p>Autonomes, bienveillants, mangeurs de fruits\n(le chef cuisinier n&rsquo;en revenait pas),&nbsp;solidaires les uns avec les autres\net&#8230;FATIGU\u00c9S ! Comme NOUS d&rsquo;ailleurs (la moiti\u00e9 de l&rsquo;autocar est tomb\u00e9e dans\nles bras de Morph\u00e9e&#8230;Zzzzzzzz) !<\/p>\n\n\n\n<p>Pour s\u00e9curiser le retour, nous descendrons du\nbus et enverrons les enfants au fur et \u00e0 mesure !<\/p>\n\n\n\n<p>Bonnes vacances \u00e0 toutes et \u00e0 tous (n&rsquo;oubliez pas de Lire, Lire et lire + revoir tables de multiplication !?).<strong>Sign\u00e9 : les mamans et papas d&rsquo;une semaine : Mme Tsokanaridis, Mme Olga, M.Olivier, M.Ismael et M.Billal !<\/strong><\/p>\n\n\n\n<figure class=\"wp-block-image\"><img decoding=\"async\" loading=\"lazy\" width=\"1024\" height=\"1024\" src=\"http:\/\/ipoweb.bruxelles.be\/primdachsbeck\/wp-content\/uploads\/2023\/02\/20230217_132655-1024x1024.jpg\" alt=\"\" class=\"wp-image-907\" srcset=\"https:\/\/ipoweb.bruxelles.be\/primdachsbeck\/wp-content\/uploads\/2023\/02\/20230217_132655-1024x1024.jpg 1024w, https:\/\/ipoweb.bruxelles.be\/primdachsbeck\/wp-content\/uploads\/2023\/02\/20230217_132655-150x150.jpg 150w, https:\/\/ipoweb.bruxelles.be\/primdachsbeck\/wp-content\/uploads\/2023\/02\/20230217_132655-300x300.jpg 300w, https:\/\/ipoweb.bruxelles.be\/primdachsbeck\/wp-content\/uploads\/2023\/02\/20230217_132655-768x768.jpg 768w, https:\/\/ipoweb.bruxelles.be\/primdachsbeck\/wp-content\/uploads\/2023\/02\/20230217_132655-60x60.jpg 60w\" sizes=\"(max-width: 1024px) 100vw, 1024px\" \/><\/figure>\n\n\n\n<figure class=\"wp-block-image\"><img decoding=\"async\" loading=\"lazy\" width=\"1024\" height=\"1024\" src=\"http:\/\/ipoweb.bruxelles.be\/primdachsbeck\/wp-content\/uploads\/2023\/02\/20230217_132723-1024x1024.jpg\" alt=\"\" class=\"wp-image-908\" srcset=\"https:\/\/ipoweb.bruxelles.be\/primdachsbeck\/wp-content\/uploads\/2023\/02\/20230217_132723-1024x1024.jpg 1024w, https:\/\/ipoweb.bruxelles.be\/primdachsbeck\/wp-content\/uploads\/2023\/02\/20230217_132723-150x150.jpg 150w, https:\/\/ipoweb.bruxelles.be\/primdachsbeck\/wp-content\/uploads\/2023\/02\/20230217_132723-300x300.jpg 300w, https:\/\/ipoweb.bruxelles.be\/primdachsbeck\/wp-content\/uploads\/2023\/02\/20230217_132723-768x768.jpg 768w, https:\/\/ipoweb.bruxelles.be\/primdachsbeck\/wp-content\/uploads\/2023\/02\/20230217_132723-60x60.jpg 60w\" sizes=\"(max-width: 1024px) 100vw, 1024px\" \/><\/figure>\n\n\n\n<figure class=\"wp-block-image\"><img decoding=\"async\" loading=\"lazy\" width=\"1024\" height=\"1024\" src=\"http:\/\/ipoweb.bruxelles.be\/primdachsbeck\/wp-content\/uploads\/2023\/02\/20230217_132832-1024x1024.jpg\" alt=\"\" class=\"wp-image-909\" srcset=\"https:\/\/ipoweb.bruxelles.be\/primdachsbeck\/wp-content\/uploads\/2023\/02\/20230217_132832-1024x1024.jpg 1024w, https:\/\/ipoweb.bruxelles.be\/primdachsbeck\/wp-content\/uploads\/2023\/02\/20230217_132832-150x150.jpg 150w, https:\/\/ipoweb.bruxelles.be\/primdachsbeck\/wp-content\/uploads\/2023\/02\/20230217_132832-300x300.jpg 300w, https:\/\/ipoweb.bruxelles.be\/primdachsbeck\/wp-content\/uploads\/2023\/02\/20230217_132832-768x768.jpg 768w, https:\/\/ipoweb.bruxelles.be\/primdachsbeck\/wp-content\/uploads\/2023\/02\/20230217_132832-60x60.jpg 60w\" sizes=\"(max-width: 1024px) 100vw, 1024px\" \/><\/figure>\n","protected":false},"excerpt":{"rendered":"<p>Bonjour chers parents, Bonjour chers grands-parents, Salut les s\u0153urs et fr\u00e8res, Nous arrrriiiiivons !!! Cette semaine a \u00e9t\u00e9 magique (mais sacr\u00e9ment intense !). Nous sommes fier.e.s de vos enfants ! Autonomes, bienveillants, mangeurs de fruits (le chef cuisinier n&rsquo;en revenait pas),&nbsp;solidaires les uns avec les autres et&#8230;FATIGU\u00c9S ! Comme NOUS d&rsquo;ailleurs (la moiti\u00e9 de l&rsquo;autocar [&hellip;]<\/p>\n","protected":false},"author":2,"featured_media":0,"comment_status":"closed","ping_status":"open","sticky":false,"template":"","format":"standard","meta":{"footnotes":""},"categories":[1],"tags":[],"jetpack_sharing_enabled":true,"jetpack_featured_media_url":"","_links":{"self":[{"href":"https:\/\/ipoweb.bruxelles.be\/primdachsbeck\/index.php?rest_route=\/wp\/v2\/posts\/910"}],"collection":[{"href":"https:\/\/ipoweb.bruxelles.be\/primdachsbeck\/index.php?rest_route=\/wp\/v2\/posts"}],"about":[{"href":"https:\/\/ipoweb.bruxelles.be\/primdachsbeck\/index.php?rest_route=\/wp\/v2\/types\/post"}],"author":[{"embeddable":true,"href":"https:\/\/ipoweb.bruxelles.be\/primdachsbeck\/index.php?rest_route=\/wp\/v2\/users\/2"}],"replies":[{"embeddable":true,"href":"https:\/\/ipoweb.bruxelles.be\/primdachsbeck\/index.php?rest_route=%2Fwp%2Fv2%2Fcomments&post=910"}],"version-history":[{"count":1,"href":"https:\/\/ipoweb.bruxelles.be\/primdachsbeck\/index.php?rest_route=\/wp\/v2\/posts\/910\/revisions"}],"predecessor-version":[{"id":911,"href":"https:\/\/ipoweb.bruxelles.be\/primdachsbeck\/index.php?rest_route=\/wp\/v2\/posts\/910\/revisions\/911"}],"wp:attachment":[{"href":"https:\/\/ipoweb.bruxelles.be\/primdachsbeck\/index.php?rest_route=%2Fwp%2Fv2%2Fmedia&parent=910"}],"wp:term":[{"taxonomy":"category","embeddable":true,"href":"https:\/\/ipoweb.bruxelles.be\/primdachsbeck\/index.php?rest_route=%2Fwp%2Fv2%2Fcategories&post=910"},{"taxonomy":"post_tag","embeddable":true,"href":"https:\/\/ipoweb.bruxelles.be\/primdachsbeck\/index.php?rest_route=%2Fwp%2Fv2%2Ftags&post=910"}],"curies":[{"name":"wp","href":"https:\/\/api.w.org\/{rel}","templated":true}]}}