{"id":915,"date":"2023-02-18T11:37:40","date_gmt":"2023-02-18T10:37:40","guid":{"rendered":"http:\/\/ipoweb.bruxelles.be\/primdachsbeck\/?p=915"},"modified":"2023-10-16T10:53:02","modified_gmt":"2023-10-16T08:53:02","slug":"visite-dun-comedien-en-p6","status":"publish","type":"post","link":"https:\/\/ipoweb.bruxelles.be\/primdachsbeck\/?p=915","title":{"rendered":"Visite d&rsquo;un com\u00e9dien en P6"},"content":{"rendered":"\n<p>Ce vendredi 17 f\u00e9vrier, nos \u00e9l\u00e8ves de P6 ont eu la chance de d\u00e9couvrir la pi\u00e8ce de th\u00e9\u00e2tre \u00ab\u00a0Gilgamesh\u00a0\u00bb au th\u00e9\u00e2tre de la Montagne Magique.<\/p>\n\n\n\n<p>Au pr\u00e9alable, dans le but de pr\u00e9senter la pi\u00e8ce aux enfants, un des acteurs, J\u00e9r\u00f4me, est venu nous rendre visite ! Un moment privil\u00e9gi\u00e9 offert \u00e0 tous nos \u00e9l\u00e8ves ! Un grand merci \u00e0 lui et aux \u00e9quipes de la Montagne Magique ! \ud83d\ude42<\/p>\n\n\n\n<figure class=\"wp-block-image\"><img decoding=\"async\" loading=\"lazy\" width=\"1024\" height=\"768\" src=\"http:\/\/ipoweb.bruxelles.be\/primdachsbeck\/wp-content\/uploads\/2023\/02\/WhatsApp-Image-2023-02-17-at-17.15.52-1024x768.jpeg\" alt=\"\" class=\"wp-image-914\" srcset=\"https:\/\/ipoweb.bruxelles.be\/primdachsbeck\/wp-content\/uploads\/2023\/02\/WhatsApp-Image-2023-02-17-at-17.15.52-1024x768.jpeg 1024w, https:\/\/ipoweb.bruxelles.be\/primdachsbeck\/wp-content\/uploads\/2023\/02\/WhatsApp-Image-2023-02-17-at-17.15.52-300x225.jpeg 300w, https:\/\/ipoweb.bruxelles.be\/primdachsbeck\/wp-content\/uploads\/2023\/02\/WhatsApp-Image-2023-02-17-at-17.15.52-768x576.jpeg 768w, https:\/\/ipoweb.bruxelles.be\/primdachsbeck\/wp-content\/uploads\/2023\/02\/WhatsApp-Image-2023-02-17-at-17.15.52.jpeg 1920w\" sizes=\"(max-width: 1024px) 100vw, 1024px\" \/><\/figure>\n\n\n\n<figure class=\"wp-block-image\"><img decoding=\"async\" loading=\"lazy\" width=\"1024\" height=\"768\" src=\"http:\/\/ipoweb.bruxelles.be\/primdachsbeck\/wp-content\/uploads\/2023\/02\/WhatsApp-Image-2023-02-17-at-17.16.35-1024x768.jpeg\" alt=\"\" class=\"wp-image-912\" srcset=\"https:\/\/ipoweb.bruxelles.be\/primdachsbeck\/wp-content\/uploads\/2023\/02\/WhatsApp-Image-2023-02-17-at-17.16.35-1024x768.jpeg 1024w, https:\/\/ipoweb.bruxelles.be\/primdachsbeck\/wp-content\/uploads\/2023\/02\/WhatsApp-Image-2023-02-17-at-17.16.35-300x225.jpeg 300w, https:\/\/ipoweb.bruxelles.be\/primdachsbeck\/wp-content\/uploads\/2023\/02\/WhatsApp-Image-2023-02-17-at-17.16.35-768x576.jpeg 768w, https:\/\/ipoweb.bruxelles.be\/primdachsbeck\/wp-content\/uploads\/2023\/02\/WhatsApp-Image-2023-02-17-at-17.16.35.jpeg 1920w\" sizes=\"(max-width: 1024px) 100vw, 1024px\" \/><\/figure>\n\n\n\n<figure class=\"wp-block-image\"><img decoding=\"async\" src=\"https:\/\/lamontagnemagique.be\/wp-content\/uploads\/2022\/09\/Gilgamesh_1%C2%A9Emilie_Abad-Perick-_SLIDER-1100x400.png\" alt=\"\"\/><\/figure>\n","protected":false},"excerpt":{"rendered":"<p>Ce vendredi 17 f\u00e9vrier, nos \u00e9l\u00e8ves de P6 ont eu la chance de d\u00e9couvrir la pi\u00e8ce de th\u00e9\u00e2tre \u00ab\u00a0Gilgamesh\u00a0\u00bb au th\u00e9\u00e2tre de la Montagne Magique. Au pr\u00e9alable, dans le but de pr\u00e9senter la pi\u00e8ce aux enfants, un des acteurs, J\u00e9r\u00f4me, est venu nous rendre visite ! Un moment privil\u00e9gi\u00e9 offert \u00e0 tous nos \u00e9l\u00e8ves ! [&hellip;]<\/p>\n","protected":false},"author":2,"featured_media":0,"comment_status":"closed","ping_status":"open","sticky":false,"template":"","format":"standard","meta":{"footnotes":""},"categories":[1],"tags":[],"jetpack_sharing_enabled":true,"jetpack_featured_media_url":"","_links":{"self":[{"href":"https:\/\/ipoweb.bruxelles.be\/primdachsbeck\/index.php?rest_route=\/wp\/v2\/posts\/915"}],"collection":[{"href":"https:\/\/ipoweb.bruxelles.be\/primdachsbeck\/index.php?rest_route=\/wp\/v2\/posts"}],"about":[{"href":"https:\/\/ipoweb.bruxelles.be\/primdachsbeck\/index.php?rest_route=\/wp\/v2\/types\/post"}],"author":[{"embeddable":true,"href":"https:\/\/ipoweb.bruxelles.be\/primdachsbeck\/index.php?rest_route=\/wp\/v2\/users\/2"}],"replies":[{"embeddable":true,"href":"https:\/\/ipoweb.bruxelles.be\/primdachsbeck\/index.php?rest_route=%2Fwp%2Fv2%2Fcomments&post=915"}],"version-history":[{"count":1,"href":"https:\/\/ipoweb.bruxelles.be\/primdachsbeck\/index.php?rest_route=\/wp\/v2\/posts\/915\/revisions"}],"predecessor-version":[{"id":916,"href":"https:\/\/ipoweb.bruxelles.be\/primdachsbeck\/index.php?rest_route=\/wp\/v2\/posts\/915\/revisions\/916"}],"wp:attachment":[{"href":"https:\/\/ipoweb.bruxelles.be\/primdachsbeck\/index.php?rest_route=%2Fwp%2Fv2%2Fmedia&parent=915"}],"wp:term":[{"taxonomy":"category","embeddable":true,"href":"https:\/\/ipoweb.bruxelles.be\/primdachsbeck\/index.php?rest_route=%2Fwp%2Fv2%2Fcategories&post=915"},{"taxonomy":"post_tag","embeddable":true,"href":"https:\/\/ipoweb.bruxelles.be\/primdachsbeck\/index.php?rest_route=%2Fwp%2Fv2%2Ftags&post=915"}],"curies":[{"name":"wp","href":"https:\/\/api.w.org\/{rel}","templated":true}]}}