{"id":966,"date":"2023-03-30T11:43:30","date_gmt":"2023-03-30T09:43:30","guid":{"rendered":"http:\/\/ipoweb.bruxelles.be\/primdachsbeck\/?p=966"},"modified":"2023-10-16T10:52:50","modified_gmt":"2023-10-16T08:52:50","slug":"photos-classes-de-ferme","status":"publish","type":"post","link":"https:\/\/ipoweb.bruxelles.be\/primdachsbeck\/?p=966","title":{"rendered":"Photos classes de ferme"},"content":{"rendered":"\n<p>Bonjour les parents !<\/p>\n\n\n\n<p>Le s\u00e9jour se d\u00e9roule toujours \u00e0 merveille ! Nature, d\u00e9couvertes des animaux, jeux et belles balades dans la campagne sont au programme ! Voici quelques petites photos qui en t\u00e9moignent \ud83d\ude42<\/p>\n\n\n\n<ul class=\"wp-block-gallery columns-3 is-cropped wp-block-gallery-1 is-layout-flex wp-block-gallery-is-layout-flex\"><li class=\"blocks-gallery-item\"><figure><img decoding=\"async\" loading=\"lazy\" width=\"1024\" height=\"769\" src=\"http:\/\/ipoweb.bruxelles.be\/primdachsbeck\/wp-content\/uploads\/2023\/03\/WhatsApp-Image-2023-03-30-at-09.09.00-1024x769.jpeg\" alt=\"\" data-id=\"965\" data-link=\"http:\/\/ipoweb.bruxelles.be\/primdachsbeck\/?attachment_id=965\" class=\"wp-image-965\" srcset=\"https:\/\/ipoweb.bruxelles.be\/primdachsbeck\/wp-content\/uploads\/2023\/03\/WhatsApp-Image-2023-03-30-at-09.09.00-1024x769.jpeg 1024w, https:\/\/ipoweb.bruxelles.be\/primdachsbeck\/wp-content\/uploads\/2023\/03\/WhatsApp-Image-2023-03-30-at-09.09.00-300x225.jpeg 300w, https:\/\/ipoweb.bruxelles.be\/primdachsbeck\/wp-content\/uploads\/2023\/03\/WhatsApp-Image-2023-03-30-at-09.09.00-768x576.jpeg 768w, https:\/\/ipoweb.bruxelles.be\/primdachsbeck\/wp-content\/uploads\/2023\/03\/WhatsApp-Image-2023-03-30-at-09.09.00.jpeg 2048w\" sizes=\"(max-width: 1024px) 100vw, 1024px\" \/><\/figure><\/li><li class=\"blocks-gallery-item\"><figure><img decoding=\"async\" loading=\"lazy\" width=\"1024\" height=\"769\" src=\"http:\/\/ipoweb.bruxelles.be\/primdachsbeck\/wp-content\/uploads\/2023\/03\/WhatsApp-Image-2023-03-29-at-21.10.03-1024x769.jpeg\" alt=\"\" data-id=\"964\" data-link=\"http:\/\/ipoweb.bruxelles.be\/primdachsbeck\/?attachment_id=964\" class=\"wp-image-964\" srcset=\"https:\/\/ipoweb.bruxelles.be\/primdachsbeck\/wp-content\/uploads\/2023\/03\/WhatsApp-Image-2023-03-29-at-21.10.03-1024x769.jpeg 1024w, https:\/\/ipoweb.bruxelles.be\/primdachsbeck\/wp-content\/uploads\/2023\/03\/WhatsApp-Image-2023-03-29-at-21.10.03-300x225.jpeg 300w, https:\/\/ipoweb.bruxelles.be\/primdachsbeck\/wp-content\/uploads\/2023\/03\/WhatsApp-Image-2023-03-29-at-21.10.03-768x576.jpeg 768w, https:\/\/ipoweb.bruxelles.be\/primdachsbeck\/wp-content\/uploads\/2023\/03\/WhatsApp-Image-2023-03-29-at-21.10.03.jpeg 2048w\" sizes=\"(max-width: 1024px) 100vw, 1024px\" \/><\/figure><\/li><li class=\"blocks-gallery-item\"><figure><img decoding=\"async\" loading=\"lazy\" width=\"1024\" height=\"769\" src=\"http:\/\/ipoweb.bruxelles.be\/primdachsbeck\/wp-content\/uploads\/2023\/03\/WhatsApp-Image-2023-03-29-at-21.10.50-1024x769.jpeg\" alt=\"\" data-id=\"963\" data-link=\"http:\/\/ipoweb.bruxelles.be\/primdachsbeck\/?attachment_id=963\" class=\"wp-image-963\" srcset=\"https:\/\/ipoweb.bruxelles.be\/primdachsbeck\/wp-content\/uploads\/2023\/03\/WhatsApp-Image-2023-03-29-at-21.10.50-1024x769.jpeg 1024w, https:\/\/ipoweb.bruxelles.be\/primdachsbeck\/wp-content\/uploads\/2023\/03\/WhatsApp-Image-2023-03-29-at-21.10.50-300x225.jpeg 300w, https:\/\/ipoweb.bruxelles.be\/primdachsbeck\/wp-content\/uploads\/2023\/03\/WhatsApp-Image-2023-03-29-at-21.10.50-768x576.jpeg 768w, https:\/\/ipoweb.bruxelles.be\/primdachsbeck\/wp-content\/uploads\/2023\/03\/WhatsApp-Image-2023-03-29-at-21.10.50.jpeg 2048w\" sizes=\"(max-width: 1024px) 100vw, 1024px\" \/><\/figure><\/li><li class=\"blocks-gallery-item\"><figure><img decoding=\"async\" loading=\"lazy\" width=\"1024\" height=\"769\" src=\"http:\/\/ipoweb.bruxelles.be\/primdachsbeck\/wp-content\/uploads\/2023\/03\/WhatsApp-Image-2023-03-29-at-21.11.24-1024x769.jpeg\" alt=\"\" data-id=\"962\" data-link=\"http:\/\/ipoweb.bruxelles.be\/primdachsbeck\/?attachment_id=962\" class=\"wp-image-962\" srcset=\"https:\/\/ipoweb.bruxelles.be\/primdachsbeck\/wp-content\/uploads\/2023\/03\/WhatsApp-Image-2023-03-29-at-21.11.24-1024x769.jpeg 1024w, https:\/\/ipoweb.bruxelles.be\/primdachsbeck\/wp-content\/uploads\/2023\/03\/WhatsApp-Image-2023-03-29-at-21.11.24-300x225.jpeg 300w, https:\/\/ipoweb.bruxelles.be\/primdachsbeck\/wp-content\/uploads\/2023\/03\/WhatsApp-Image-2023-03-29-at-21.11.24-768x576.jpeg 768w, https:\/\/ipoweb.bruxelles.be\/primdachsbeck\/wp-content\/uploads\/2023\/03\/WhatsApp-Image-2023-03-29-at-21.11.24.jpeg 2048w\" sizes=\"(max-width: 1024px) 100vw, 1024px\" \/><\/figure><\/li><li class=\"blocks-gallery-item\"><figure><img decoding=\"async\" loading=\"lazy\" width=\"769\" height=\"1024\" src=\"http:\/\/ipoweb.bruxelles.be\/primdachsbeck\/wp-content\/uploads\/2023\/03\/WhatsApp-Image-2023-03-29-at-21.11.49-769x1024.jpeg\" alt=\"\" data-id=\"961\" data-link=\"http:\/\/ipoweb.bruxelles.be\/primdachsbeck\/?attachment_id=961\" class=\"wp-image-961\" srcset=\"https:\/\/ipoweb.bruxelles.be\/primdachsbeck\/wp-content\/uploads\/2023\/03\/WhatsApp-Image-2023-03-29-at-21.11.49-769x1024.jpeg 769w, https:\/\/ipoweb.bruxelles.be\/primdachsbeck\/wp-content\/uploads\/2023\/03\/WhatsApp-Image-2023-03-29-at-21.11.49-225x300.jpeg 225w, https:\/\/ipoweb.bruxelles.be\/primdachsbeck\/wp-content\/uploads\/2023\/03\/WhatsApp-Image-2023-03-29-at-21.11.49-768x1023.jpeg 768w, https:\/\/ipoweb.bruxelles.be\/primdachsbeck\/wp-content\/uploads\/2023\/03\/WhatsApp-Image-2023-03-29-at-21.11.49.jpeg 1537w\" sizes=\"(max-width: 769px) 100vw, 769px\" \/><\/figure><\/li><li class=\"blocks-gallery-item\"><figure><img decoding=\"async\" loading=\"lazy\" width=\"768\" height=\"1024\" src=\"http:\/\/ipoweb.bruxelles.be\/primdachsbeck\/wp-content\/uploads\/2023\/03\/WhatsApp-Image-2023-03-29-at-21.12.34-768x1024.jpeg\" alt=\"\" data-id=\"960\" data-link=\"http:\/\/ipoweb.bruxelles.be\/primdachsbeck\/?attachment_id=960\" class=\"wp-image-960\" srcset=\"https:\/\/ipoweb.bruxelles.be\/primdachsbeck\/wp-content\/uploads\/2023\/03\/WhatsApp-Image-2023-03-29-at-21.12.34-768x1024.jpeg 768w, https:\/\/ipoweb.bruxelles.be\/primdachsbeck\/wp-content\/uploads\/2023\/03\/WhatsApp-Image-2023-03-29-at-21.12.34-225x300.jpeg 225w, https:\/\/ipoweb.bruxelles.be\/primdachsbeck\/wp-content\/uploads\/2023\/03\/WhatsApp-Image-2023-03-29-at-21.12.34.jpeg 1536w\" sizes=\"(max-width: 768px) 100vw, 768px\" \/><\/figure><\/li><li class=\"blocks-gallery-item\"><figure><img decoding=\"async\" loading=\"lazy\" width=\"1024\" height=\"769\" src=\"http:\/\/ipoweb.bruxelles.be\/primdachsbeck\/wp-content\/uploads\/2023\/03\/WhatsApp-Image-2023-03-29-at-21.13.09-1024x769.jpeg\" alt=\"\" data-id=\"959\" data-link=\"http:\/\/ipoweb.bruxelles.be\/primdachsbeck\/?attachment_id=959\" class=\"wp-image-959\" srcset=\"https:\/\/ipoweb.bruxelles.be\/primdachsbeck\/wp-content\/uploads\/2023\/03\/WhatsApp-Image-2023-03-29-at-21.13.09-1024x769.jpeg 1024w, https:\/\/ipoweb.bruxelles.be\/primdachsbeck\/wp-content\/uploads\/2023\/03\/WhatsApp-Image-2023-03-29-at-21.13.09-300x225.jpeg 300w, https:\/\/ipoweb.bruxelles.be\/primdachsbeck\/wp-content\/uploads\/2023\/03\/WhatsApp-Image-2023-03-29-at-21.13.09-768x576.jpeg 768w, https:\/\/ipoweb.bruxelles.be\/primdachsbeck\/wp-content\/uploads\/2023\/03\/WhatsApp-Image-2023-03-29-at-21.13.09.jpeg 2048w\" sizes=\"(max-width: 1024px) 100vw, 1024px\" \/><\/figure><\/li><li class=\"blocks-gallery-item\"><figure><img decoding=\"async\" loading=\"lazy\" width=\"1024\" height=\"769\" src=\"http:\/\/ipoweb.bruxelles.be\/primdachsbeck\/wp-content\/uploads\/2023\/03\/WhatsApp-Image-2023-03-30-at-09.09.00-1-1024x769.jpeg\" alt=\"\" data-id=\"958\" data-link=\"http:\/\/ipoweb.bruxelles.be\/primdachsbeck\/?attachment_id=958\" class=\"wp-image-958\" srcset=\"https:\/\/ipoweb.bruxelles.be\/primdachsbeck\/wp-content\/uploads\/2023\/03\/WhatsApp-Image-2023-03-30-at-09.09.00-1-1024x769.jpeg 1024w, https:\/\/ipoweb.bruxelles.be\/primdachsbeck\/wp-content\/uploads\/2023\/03\/WhatsApp-Image-2023-03-30-at-09.09.00-1-300x225.jpeg 300w, https:\/\/ipoweb.bruxelles.be\/primdachsbeck\/wp-content\/uploads\/2023\/03\/WhatsApp-Image-2023-03-30-at-09.09.00-1-768x576.jpeg 768w, https:\/\/ipoweb.bruxelles.be\/primdachsbeck\/wp-content\/uploads\/2023\/03\/WhatsApp-Image-2023-03-30-at-09.09.00-1.jpeg 2048w\" sizes=\"(max-width: 1024px) 100vw, 1024px\" \/><\/figure><\/li><li class=\"blocks-gallery-item\"><figure><img decoding=\"async\" loading=\"lazy\" width=\"768\" height=\"1024\" src=\"http:\/\/ipoweb.bruxelles.be\/primdachsbeck\/wp-content\/uploads\/2023\/03\/WhatsApp-Image-2023-03-29-at-21.12.19-768x1024.jpeg\" alt=\"\" data-id=\"957\" data-link=\"http:\/\/ipoweb.bruxelles.be\/primdachsbeck\/?attachment_id=957\" class=\"wp-image-957\" srcset=\"https:\/\/ipoweb.bruxelles.be\/primdachsbeck\/wp-content\/uploads\/2023\/03\/WhatsApp-Image-2023-03-29-at-21.12.19-768x1024.jpeg 768w, https:\/\/ipoweb.bruxelles.be\/primdachsbeck\/wp-content\/uploads\/2023\/03\/WhatsApp-Image-2023-03-29-at-21.12.19-225x300.jpeg 225w, https:\/\/ipoweb.bruxelles.be\/primdachsbeck\/wp-content\/uploads\/2023\/03\/WhatsApp-Image-2023-03-29-at-21.12.19.jpeg 1536w\" sizes=\"(max-width: 768px) 100vw, 768px\" \/><\/figure><\/li><li class=\"blocks-gallery-item\"><figure><img decoding=\"async\" loading=\"lazy\" width=\"768\" height=\"1024\" src=\"http:\/\/ipoweb.bruxelles.be\/primdachsbeck\/wp-content\/uploads\/2023\/03\/WhatsApp-Image-2023-03-29-at-21.12.19-1-768x1024.jpeg\" alt=\"\" data-id=\"956\" data-link=\"http:\/\/ipoweb.bruxelles.be\/primdachsbeck\/?attachment_id=956\" class=\"wp-image-956\" srcset=\"https:\/\/ipoweb.bruxelles.be\/primdachsbeck\/wp-content\/uploads\/2023\/03\/WhatsApp-Image-2023-03-29-at-21.12.19-1-768x1024.jpeg 768w, https:\/\/ipoweb.bruxelles.be\/primdachsbeck\/wp-content\/uploads\/2023\/03\/WhatsApp-Image-2023-03-29-at-21.12.19-1-225x300.jpeg 225w, https:\/\/ipoweb.bruxelles.be\/primdachsbeck\/wp-content\/uploads\/2023\/03\/WhatsApp-Image-2023-03-29-at-21.12.19-1.jpeg 1536w\" sizes=\"(max-width: 768px) 100vw, 768px\" \/><\/figure><\/li><li class=\"blocks-gallery-item\"><figure><img decoding=\"async\" loading=\"lazy\" width=\"768\" height=\"1024\" src=\"http:\/\/ipoweb.bruxelles.be\/primdachsbeck\/wp-content\/uploads\/2023\/03\/WhatsApp-Image-2023-03-29-at-21.12.19-2-768x1024.jpeg\" alt=\"\" data-id=\"955\" data-link=\"http:\/\/ipoweb.bruxelles.be\/primdachsbeck\/?attachment_id=955\" class=\"wp-image-955\" srcset=\"https:\/\/ipoweb.bruxelles.be\/primdachsbeck\/wp-content\/uploads\/2023\/03\/WhatsApp-Image-2023-03-29-at-21.12.19-2-768x1024.jpeg 768w, https:\/\/ipoweb.bruxelles.be\/primdachsbeck\/wp-content\/uploads\/2023\/03\/WhatsApp-Image-2023-03-29-at-21.12.19-2-225x300.jpeg 225w, https:\/\/ipoweb.bruxelles.be\/primdachsbeck\/wp-content\/uploads\/2023\/03\/WhatsApp-Image-2023-03-29-at-21.12.19-2.jpeg 1536w\" sizes=\"(max-width: 768px) 100vw, 768px\" \/><\/figure><\/li><li class=\"blocks-gallery-item\"><figure><img decoding=\"async\" loading=\"lazy\" width=\"768\" height=\"1024\" src=\"http:\/\/ipoweb.bruxelles.be\/primdachsbeck\/wp-content\/uploads\/2023\/03\/WhatsApp-Image-2023-03-29-at-21.12.19-3-768x1024.jpeg\" alt=\"\" data-id=\"954\" data-link=\"http:\/\/ipoweb.bruxelles.be\/primdachsbeck\/?attachment_id=954\" class=\"wp-image-954\" srcset=\"https:\/\/ipoweb.bruxelles.be\/primdachsbeck\/wp-content\/uploads\/2023\/03\/WhatsApp-Image-2023-03-29-at-21.12.19-3-768x1024.jpeg 768w, https:\/\/ipoweb.bruxelles.be\/primdachsbeck\/wp-content\/uploads\/2023\/03\/WhatsApp-Image-2023-03-29-at-21.12.19-3-225x300.jpeg 225w, https:\/\/ipoweb.bruxelles.be\/primdachsbeck\/wp-content\/uploads\/2023\/03\/WhatsApp-Image-2023-03-29-at-21.12.19-3.jpeg 1536w\" sizes=\"(max-width: 768px) 100vw, 768px\" \/><\/figure><\/li><li class=\"blocks-gallery-item\"><figure><img decoding=\"async\" loading=\"lazy\" width=\"768\" height=\"1024\" src=\"http:\/\/ipoweb.bruxelles.be\/primdachsbeck\/wp-content\/uploads\/2023\/03\/WhatsApp-Image-2023-03-29-at-21.12.19-4-768x1024.jpeg\" alt=\"\" data-id=\"953\" data-link=\"http:\/\/ipoweb.bruxelles.be\/primdachsbeck\/?attachment_id=953\" class=\"wp-image-953\" srcset=\"https:\/\/ipoweb.bruxelles.be\/primdachsbeck\/wp-content\/uploads\/2023\/03\/WhatsApp-Image-2023-03-29-at-21.12.19-4-768x1024.jpeg 768w, https:\/\/ipoweb.bruxelles.be\/primdachsbeck\/wp-content\/uploads\/2023\/03\/WhatsApp-Image-2023-03-29-at-21.12.19-4-225x300.jpeg 225w, https:\/\/ipoweb.bruxelles.be\/primdachsbeck\/wp-content\/uploads\/2023\/03\/WhatsApp-Image-2023-03-29-at-21.12.19-4.jpeg 1536w\" sizes=\"(max-width: 768px) 100vw, 768px\" \/><\/figure><\/li><li class=\"blocks-gallery-item\"><figure><img decoding=\"async\" loading=\"lazy\" width=\"1024\" height=\"768\" src=\"http:\/\/ipoweb.bruxelles.be\/primdachsbeck\/wp-content\/uploads\/2023\/03\/WhatsApp-Image-2023-03-29-at-21.12.19-5-1024x768.jpeg\" alt=\"\" data-id=\"952\" data-link=\"http:\/\/ipoweb.bruxelles.be\/primdachsbeck\/?attachment_id=952\" class=\"wp-image-952\" srcset=\"https:\/\/ipoweb.bruxelles.be\/primdachsbeck\/wp-content\/uploads\/2023\/03\/WhatsApp-Image-2023-03-29-at-21.12.19-5-1024x768.jpeg 1024w, https:\/\/ipoweb.bruxelles.be\/primdachsbeck\/wp-content\/uploads\/2023\/03\/WhatsApp-Image-2023-03-29-at-21.12.19-5-300x225.jpeg 300w, https:\/\/ipoweb.bruxelles.be\/primdachsbeck\/wp-content\/uploads\/2023\/03\/WhatsApp-Image-2023-03-29-at-21.12.19-5-768x576.jpeg 768w, https:\/\/ipoweb.bruxelles.be\/primdachsbeck\/wp-content\/uploads\/2023\/03\/WhatsApp-Image-2023-03-29-at-21.12.19-5.jpeg 2048w\" sizes=\"(max-width: 1024px) 100vw, 1024px\" \/><\/figure><\/li><li class=\"blocks-gallery-item\"><figure><img decoding=\"async\" loading=\"lazy\" width=\"768\" height=\"1024\" src=\"http:\/\/ipoweb.bruxelles.be\/primdachsbeck\/wp-content\/uploads\/2023\/03\/WhatsApp-Image-2023-03-29-at-21.12.19-6-768x1024.jpeg\" alt=\"\" data-id=\"951\" data-link=\"http:\/\/ipoweb.bruxelles.be\/primdachsbeck\/?attachment_id=951\" class=\"wp-image-951\" srcset=\"https:\/\/ipoweb.bruxelles.be\/primdachsbeck\/wp-content\/uploads\/2023\/03\/WhatsApp-Image-2023-03-29-at-21.12.19-6-768x1024.jpeg 768w, https:\/\/ipoweb.bruxelles.be\/primdachsbeck\/wp-content\/uploads\/2023\/03\/WhatsApp-Image-2023-03-29-at-21.12.19-6-225x300.jpeg 225w, https:\/\/ipoweb.bruxelles.be\/primdachsbeck\/wp-content\/uploads\/2023\/03\/WhatsApp-Image-2023-03-29-at-21.12.19-6.jpeg 1536w\" sizes=\"(max-width: 768px) 100vw, 768px\" \/><\/figure><\/li><\/ul>\n","protected":false},"excerpt":{"rendered":"<p>Bonjour les parents ! Le s\u00e9jour se d\u00e9roule toujours \u00e0 merveille ! Nature, d\u00e9couvertes des animaux, jeux et belles balades dans la campagne sont au programme ! Voici quelques petites photos qui en t\u00e9moignent \ud83d\ude42<\/p>\n","protected":false},"author":2,"featured_media":0,"comment_status":"closed","ping_status":"open","sticky":false,"template":"","format":"standard","meta":{"footnotes":""},"categories":[1],"tags":[],"jetpack_sharing_enabled":true,"jetpack_featured_media_url":"","_links":{"self":[{"href":"https:\/\/ipoweb.bruxelles.be\/primdachsbeck\/index.php?rest_route=\/wp\/v2\/posts\/966"}],"collection":[{"href":"https:\/\/ipoweb.bruxelles.be\/primdachsbeck\/index.php?rest_route=\/wp\/v2\/posts"}],"about":[{"href":"https:\/\/ipoweb.bruxelles.be\/primdachsbeck\/index.php?rest_route=\/wp\/v2\/types\/post"}],"author":[{"embeddable":true,"href":"https:\/\/ipoweb.bruxelles.be\/primdachsbeck\/index.php?rest_route=\/wp\/v2\/users\/2"}],"replies":[{"embeddable":true,"href":"https:\/\/ipoweb.bruxelles.be\/primdachsbeck\/index.php?rest_route=%2Fwp%2Fv2%2Fcomments&post=966"}],"version-history":[{"count":1,"href":"https:\/\/ipoweb.bruxelles.be\/primdachsbeck\/index.php?rest_route=\/wp\/v2\/posts\/966\/revisions"}],"predecessor-version":[{"id":967,"href":"https:\/\/ipoweb.bruxelles.be\/primdachsbeck\/index.php?rest_route=\/wp\/v2\/posts\/966\/revisions\/967"}],"wp:attachment":[{"href":"https:\/\/ipoweb.bruxelles.be\/primdachsbeck\/index.php?rest_route=%2Fwp%2Fv2%2Fmedia&parent=966"}],"wp:term":[{"taxonomy":"category","embeddable":true,"href":"https:\/\/ipoweb.bruxelles.be\/primdachsbeck\/index.php?rest_route=%2Fwp%2Fv2%2Fcategories&post=966"},{"taxonomy":"post_tag","embeddable":true,"href":"https:\/\/ipoweb.bruxelles.be\/primdachsbeck\/index.php?rest_route=%2Fwp%2Fv2%2Ftags&post=966"}],"curies":[{"name":"wp","href":"https:\/\/api.w.org\/{rel}","templated":true}]}}