{"id":2238,"date":"2023-09-01T19:16:38","date_gmt":"2023-09-01T17:16:38","guid":{"rendered":"http:\/\/ipoweb.bruxelles.be\/webschools2\/?p=2238"},"modified":"2023-09-01T19:16:39","modified_gmt":"2023-09-01T17:16:39","slug":"zero-dechet","status":"publish","type":"post","link":"https:\/\/ipoweb.bruxelles.be\/webschools2\/2023\/09\/01\/zero-dechet\/","title":{"rendered":"Z\u00e9ro d\u00e9chet"},"content":{"rendered":"\n<figure class=\"wp-block-image size-full\"><img decoding=\"async\" loading=\"lazy\" width=\"170\" height=\"219\" src=\"http:\/\/ipoweb.bruxelles.be\/webschools2\/wp-content\/uploads\/2023\/09\/image.png\" alt=\"\" class=\"wp-image-2239\" srcset=\"https:\/\/ipoweb.bruxelles.be\/webschools2\/wp-content\/uploads\/2023\/09\/image.png 170w, https:\/\/ipoweb.bruxelles.be\/webschools2\/wp-content\/uploads\/2023\/09\/image-90x116.png 90w\" sizes=\"(max-width: 170px) 100vw, 170px\" \/><\/figure>\n\n\n\n<p>La gestion \u00e9coresponsable des d\u00e9chets fait partie int\u00e9grante de nos pr\u00e9occupations \u00e9ducatives.\u00a0<\/p>\n\n\n\n<p>Les \u00e9tablissements scolaires de la Ville de Bruxelles veulent diminuer de mani\u00e8re drastique la surcharge des ordures m\u00e9nag\u00e8res, ceci pour des raisons \u00e9cologiques et financi\u00e8res \u00e9videntes.&nbsp;<\/p>\n\n\n\n<p>\u00c0 partir de septembre 2023, nos \u00e9coles prendront des mesures tr\u00e8s strictes pour limiter tous les emballages \u00e0 usage unique.<\/p>\n\n\n\n<p><strong>Les d\u00e9chets li\u00e9s aux collations (10 h et go\u00fbter) seront strictement interdits<\/strong> :&nbsp;les \u00e9l\u00e8ves sont donc invit\u00e9.e.s \u00e0 venir \u00e0 l&rsquo;\u00e9cole avec <strong><u>une bo\u00eete de collation saine<\/u><\/strong>, contenant un fruit, un biscuit, etc. <strong>Les boissons sous forme de canette, bouteille en plastique, berlingot seront aussi totalement&nbsp;proscrites : les \u00e9l\u00e8ves se muniront <u>uniquement d&rsquo;une gourde d&rsquo;eau.<\/u><\/strong><\/p>\n\n\n\n<p>C&rsquo;est par des gestes concrets que nous pouvons esp\u00e9rer changer nos habitudes de soci\u00e9t\u00e9 de surconsommation, si n\u00e9fastes&nbsp;pour l&rsquo;environnement et&nbsp;pour la sant\u00e9 publique. Nos \u00e9coles, directions, enseignant.e.s et \u00e9l\u00e8ves, travaillent d&rsquo;ailleurs d\u00e9j\u00e0 beaucoup ensemble sur tous ces sujets en d\u00e9veloppant des projets innovants !&nbsp;<\/p>\n\n\n\n<p>Nous sommes donc convaincus que vous partagez nos pr\u00e9occupations et que vous soutiendrez ces efforts. Nous vous en remercions vivement !<\/p>\n\n\n\n<figure class=\"wp-block-image size-full\"><img decoding=\"async\" loading=\"lazy\" width=\"303\" height=\"217\" src=\"http:\/\/ipoweb.bruxelles.be\/webschools2\/wp-content\/uploads\/2023\/09\/image-1.png\" alt=\"\" class=\"wp-image-2240\" srcset=\"https:\/\/ipoweb.bruxelles.be\/webschools2\/wp-content\/uploads\/2023\/09\/image-1.png 303w, https:\/\/ipoweb.bruxelles.be\/webschools2\/wp-content\/uploads\/2023\/09\/image-1-300x215.png 300w, https:\/\/ipoweb.bruxelles.be\/webschools2\/wp-content\/uploads\/2023\/09\/image-1-162x116.png 162w\" sizes=\"(max-width: 303px) 100vw, 303px\" \/><\/figure>\n\n\n\n<p><\/p>\n","protected":false},"excerpt":{"rendered":"<p>La gestion \u00e9coresponsable des d\u00e9chets fait partie int\u00e9grante de nos pr\u00e9occupations \u00e9ducatives.\u00a0 Les \u00e9tablissements scolaires de la Ville de Bruxelles veulent diminuer de mani\u00e8re drastique la surcharge des ordures m\u00e9nag\u00e8res, ceci pour des raisons \u00e9cologiques et financi\u00e8res \u00e9videntes.&nbsp; \u00c0 partir de septembre 2023, nos \u00e9coles prendront des mesures tr\u00e8s strictes pour limiter tous les emballages [&hellip;]<\/p>\n","protected":false},"author":2,"featured_media":0,"comment_status":"closed","ping_status":"open","sticky":false,"template":"","format":"standard","meta":{"footnotes":""},"categories":[1],"tags":[],"_links":{"self":[{"href":"https:\/\/ipoweb.bruxelles.be\/webschools2\/wp-json\/wp\/v2\/posts\/2238"}],"collection":[{"href":"https:\/\/ipoweb.bruxelles.be\/webschools2\/wp-json\/wp\/v2\/posts"}],"about":[{"href":"https:\/\/ipoweb.bruxelles.be\/webschools2\/wp-json\/wp\/v2\/types\/post"}],"author":[{"embeddable":true,"href":"https:\/\/ipoweb.bruxelles.be\/webschools2\/wp-json\/wp\/v2\/users\/2"}],"replies":[{"embeddable":true,"href":"https:\/\/ipoweb.bruxelles.be\/webschools2\/wp-json\/wp\/v2\/comments?post=2238"}],"version-history":[{"count":1,"href":"https:\/\/ipoweb.bruxelles.be\/webschools2\/wp-json\/wp\/v2\/posts\/2238\/revisions"}],"predecessor-version":[{"id":2241,"href":"https:\/\/ipoweb.bruxelles.be\/webschools2\/wp-json\/wp\/v2\/posts\/2238\/revisions\/2241"}],"wp:attachment":[{"href":"https:\/\/ipoweb.bruxelles.be\/webschools2\/wp-json\/wp\/v2\/media?parent=2238"}],"wp:term":[{"taxonomy":"category","embeddable":true,"href":"https:\/\/ipoweb.bruxelles.be\/webschools2\/wp-json\/wp\/v2\/categories?post=2238"},{"taxonomy":"post_tag","embeddable":true,"href":"https:\/\/ipoweb.bruxelles.be\/webschools2\/wp-json\/wp\/v2\/tags?post=2238"}],"curies":[{"name":"wp","href":"https:\/\/api.w.org\/{rel}","templated":true}]}}